{"id":10456,"date":"2024-07-10T11:03:20","date_gmt":"2024-07-10T15:03:20","guid":{"rendered":"https:\/\/www.vinculacion.utalca.cl\/?p=10456"},"modified":"2026-01-20T08:57:08","modified_gmt":"2026-01-20T11:57:08","slug":"utalca-y-ministerio-de-las-culturas-proyectan-un-centro-de-creacion-para-el-maule","status":"publish","type":"post","link":"https:\/\/www.vinculacion.utalca.cl\/index.php\/2024\/07\/10\/utalca-y-ministerio-de-las-culturas-proyectan-un-centro-de-creacion-para-el-maule\/","title":{"rendered":"UTalca y Ministerio de las Culturas proyectan un Centro de Creaci\u00f3n para el Maule"},"content":{"rendered":"<div class=\"fusion-fullwidth fullwidth-box fusion-builder-row-1 fusion-flex-container has-pattern-background has-mask-background hundred-percent-fullwidth non-hundred-percent-height-scrolling\" style=\"--awb-border-radius-top-left:0px;--awb-border-radius-top-right:0px;--awb-border-radius-bottom-right:0px;--awb-border-radius-bottom-left:0px;--awb-padding-left:0px;--awb-padding-top-small:0px;--awb-padding-right-small:0px;--awb-padding-left-small:0px;--awb-margin-top:72px;--awb-background-color:#ffffff;--awb-flex-wrap:wrap;\" ><div class=\"fusion-builder-row fusion-row fusion-flex-align-items-flex-start fusion-flex-content-wrap\" style=\"width:104% !important;max-width:104% !important;margin-left: calc(-4% \/ 2 );margin-right: calc(-4% \/ 2 );\"><div class=\"fusion-layout-column fusion_builder_column fusion-builder-column-0 fusion_builder_column_1_1 1_1 fusion-flex-column fusion-flex-align-self-flex-start\" style=\"--awb-padding-top:270px;--awb-padding-right:650px;--awb-padding-bottom:10px;--awb-padding-left:73px;--awb-padding-top-small:85px;--awb-padding-right-small:54px;--awb-padding-left-small:28px;--awb-overflow:hidden;--awb-bg-color:#000000;--awb-bg-color-hover:#000000;--awb-bg-image:linear-gradient(180deg, rgba(0,0,0,0) 0%,rgba(0,0,0,0.62) 100%);;--awb-bg-position:center center;--awb-bg-size:cover;--awb-border-radius:0px 0px 50px 50px;--awb-width-large:100%;--awb-margin-top-large:0px;--awb-spacing-right-large:0%;--awb-margin-bottom-large:0px;--awb-spacing-left-large:0%;--awb-width-medium:100%;--awb-order-medium:0;--awb-spacing-right-medium:1.92%;--awb-spacing-left-medium:1.92%;--awb-width-small:100%;--awb-order-small:0;--awb-spacing-right-small:1.92%;--awb-spacing-left-small:1.92%;\"><div class=\"fusion-column-wrapper lazyload fusion-column-has-shadow fusion-flex-justify-content-space-around fusion-content-layout-column fusion-column-has-bg-image\" data-bg-url=\"https:\/\/www.vinculacion.utalca.cl\/wp-content\/uploads\/2025\/08\/imagen_2025-08-01_112932315.png\" data-bg=\"https:\/\/www.vinculacion.utalca.cl\/wp-content\/uploads\/2025\/08\/imagen_2025-08-01_112932315.png\" data-bg-gradient=\"linear-gradient(180deg, rgba(0,0,0,0) 0%,rgba(0,0,0,0.62) 100%)\"><div style=\"text-align:left;\"><a class=\"fusion-button button-flat button-small button-custom fusion-button-default button-1 fusion-button-span-no fusion-button-default-type\" style=\"--awb-margin-bottom:20px;--button_accent_color:#ffffff;--button_border_color:var(--awb-color6);--button_accent_hover_color:#000000;--button_border_hover_color:#e2e2e2;--button_gradient_top_color:var(--awb-color6);--button_gradient_bottom_color:var(--awb-color6);--button_gradient_top_color_hover:#ffffff;--button_gradient_bottom_color_hover:#ffffff;\" target=\"_self\"><span class=\"fusion-button-text awb-button__text awb-button__text--default\"><b>VINCULACI\u00d3N<\/b><\/span><\/a><\/div><div class=\"fusion-text fusion-text-1\"><h2 class=\"fusion-responsive-typography-calculated\" style=\"font-size: 31px; color: #ffffff; font-family: Montserrat; font-weight: 600; --fontsize: 31; line-height: 1.2;\" data-fusion-font=\"true\" data-fusion-google-font=\"Montserrat\" data-fusion-google-variant=\"600\" data-fontsize=\"31\" data-lineheight=\"37.2px\">UTalca y Ministerio de las Culturas proyectan un Centro de Creaci\u00f3n para el Maule<\/h2>\n<\/div><\/div><\/div><div class=\"fusion-layout-column fusion_builder_column fusion-builder-column-1 fusion_builder_column_2_3 2_3 fusion-flex-column\" style=\"--awb-bg-size:cover;--awb-width-large:66.666666666667%;--awb-margin-top-large:56px;--awb-spacing-right-large:2.88%;--awb-margin-bottom-large:58px;--awb-spacing-left-large:75px;--awb-width-medium:100%;--awb-order-medium:0;--awb-spacing-right-medium:1.92%;--awb-spacing-left-medium:1.92%;--awb-width-small:100%;--awb-order-small:0;--awb-spacing-right-small:8.64%;--awb-spacing-left-small:8.736%;\"><div class=\"fusion-column-wrapper fusion-column-has-shadow fusion-flex-justify-content-flex-start fusion-content-layout-column\"><div class=\"fusion-text fusion-text-2\"><p style=\"font-size: 18px; line-height: 22px; font-family: Montserrat; font-weight: 500;\" data-fusion-font=\"true\" data-fusion-google-font=\"Montserrat\" data-fusion-google-variant=\"500\">Firmaron convenio de colaboraci\u00f3n para desarrollar un nuevo espacio creativo para la zona centro del pa\u00eds.<\/p>\n<p style=\"font-size: 16px; line-height: 21px; font-family: Montserrat; font-weight: 500;\" data-fusion-font=\"true\" data-fusion-google-font=\"Montserrat\" data-fusion-google-variant=\"500\">10 Julio 2024 | Camila Bauer<\/p>\n<p style=\"font-size: 15px; line-height: 21px; font-family: Montserrat; font-weight: 400;\" data-fusion-font=\"true\" data-fusion-google-font=\"Montserrat\" data-fusion-google-variant=\"400\">Generar un espacio que potencie la imaginaci\u00f3n y creatividad de ni\u00f1as, ni\u00f1os y j\u00f3venes (NNJ) es la finalidad del convenio suscrito entre la Universidad de Talca y el Ministerio de las Culturas, las Artes y el Patrimonio, que prospecta el desarrollo del primer Centro de Creaci\u00f3n (Cecrea) del Maule.<\/p>\n<p style=\"font-size: 15px; line-height: 21px; font-family: Montserrat; font-weight: 400;\" data-fusion-font=\"true\" data-fusion-google-font=\"Montserrat\" data-fusion-google-variant=\"400\">Cecrea es un programa a de la mencionada secretar\u00eda de Estado, que busca propiciar el desarrollo de las capacidades creativas y ciudadanas de los NNJ, a trav\u00e9s de la convergencia de las artes, las ciencias, las tecnolog\u00edas y la sustentabilidad. Actualmente, cuenta con 13 centros a lo largo del pa\u00eds, a los que se sumar\u00eda este nuevo espacio, pionero en esta zona.<\/p>\n<p style=\"font-size: 15px; line-height: 21px; font-family: Montserrat; font-weight: 400;\" data-fusion-font=\"true\" data-fusion-google-font=\"Montserrat\" data-fusion-google-variant=\"400\">\u00abLa Universidad de Talca se enorgullece de continuar su colaboraci\u00f3n estrecha con el Ministerio de las Culturas, las Artes y el Patrimonio, que comenz\u00f3 con vigor en 2023, intercambiando valiosas experiencias y proyectando ambiciosos planes para el futuro. Los esfuerzos conjuntos no solo fortalecieron los lazos entre nuestras instituciones, sino que tambi\u00e9n abrieron el camino para la creaci\u00f3n del primer Cecrea en la Regi\u00f3n\u201d, asegur\u00f3 el rector de la Casa de Estudios, Carlos Torres Fuschslocher.<\/p>\n<p style=\"font-size: 15px; line-height: 21px; font-family: Montserrat; font-weight: 400;\" data-fusion-font=\"true\" data-fusion-google-font=\"Montserrat\" data-fusion-google-variant=\"400\">Seg\u00fan la autoridad acad\u00e9mica, esta alianza busca contribuir significativamente al desarrollo cultural de la regi\u00f3n y al rol p\u00fablico de ambas instituciones. \u201cEstamos comprometidos a construir un modelo de trabajo colaborativo que no s\u00f3lo sea replicable a lo largo del tiempo, sino que tambi\u00e9n pueda extenderse a m\u00e1s territorios del pa\u00eds\u201d, recalc\u00f3.<\/p>\n<p style=\"font-size: 15px; line-height: 21px; font-family: Montserrat; font-weight: 400;\" data-fusion-font=\"true\" data-fusion-google-font=\"Montserrat\" data-fusion-google-variant=\"400\">En tanto, Subsecretaria de las Culturas y las Artes, Noela Salas, asegur\u00f3 que el acuerdo constituye un importante hito. \u00abRenovamos nuestras ganas de seguir colaborando con el mundo de la academia. En espec\u00edfico, agradezco a la Universidad de Talca, porque con estos convenios podemos ampliar y llegar de manera conjunta a la noble labor que es acercar por medio de la formaci\u00f3n y la vinculaci\u00f3n temprana con el mundo creativo, a muchos ni\u00f1os y ni\u00f1as que asisten a diario a nuestros Centros de Creaci\u00f3n\u201d, expres\u00f3.<\/p>\n<p style=\"font-size: 15px; line-height: 21px; font-family: Montserrat; font-weight: 400;\" data-fusion-font=\"true\" data-fusion-google-font=\"Montserrat\" data-fusion-google-variant=\"400\">Modelo de \u00e9xito<\/p>\n<p style=\"font-size: 15px; line-height: 21px; font-family: Montserrat; font-weight: 400;\" data-fusion-font=\"true\" data-fusion-google-font=\"Montserrat\" data-fusion-google-variant=\"400\">A trav\u00e9s de este acuerdo colaborativo se extiende el trabajo que la UTalca realiza desde 2023 con los Cecrea de Pichidegua y Castro, donde acad\u00e9micos, acad\u00e9micas y estudiantes de la casa de estudios trabajaron junto a las y los j\u00f3venes de ambas localidades en diversas instancias pedag\u00f3gicas y formativas ampliamente valoradas por los participantes.<\/p>\n<p style=\"font-size: 15px; line-height: 21px; font-family: Montserrat; font-weight: 400;\" data-fusion-font=\"true\" data-fusion-google-font=\"Montserrat\" data-fusion-google-variant=\"400\">\u00abEsta iniciativa destaca por su car\u00e1cter multidisciplinario y bidireccional. En 2023 se beneficiaron cerca de 100 estudiantes y docentes de tres facultades, quienes interactuaron con m\u00e1s de 250 ni\u00f1as, ni\u00f1os y adolescentes de distintos Cecrea. Existe una sinergia de beneficio mutuo hacia el proceso formativo universitario y hacia el bienestar de la comunidad externa\u201d, detall\u00f3 la directora General de Vinculaci\u00f3n con el Medio, Karin Saavedra.<\/p>\n<p style=\"font-size: 15px; line-height: 21px; font-family: Montserrat; font-weight: 400;\" data-fusion-font=\"true\" data-fusion-google-font=\"Montserrat\" data-fusion-google-variant=\"400\">En ese sentido, destac\u00f3 que gracias a este nuevo convenio de colaboraci\u00f3n se fortalecer\u00e1n los Centros de Creaci\u00f3n y \u201cseguiremos enriqueciendo nuestras actividades docentes. En particular, este a\u00f1o se prospectar\u00e1 la instalaci\u00f3n del primer Cecrea en la Regi\u00f3n del Maule y se incentivar\u00e1 una colaboraci\u00f3n virtuosa con la Facultad de Ciencias de la Educaci\u00f3n\u201d.<\/p>\n<\/div><div ><a class=\"fusion-button button-flat fusion-button-default-size button-custom fusion-button-default button-2 fusion-button-default-span fusion-button-default-type\" style=\"--awb-margin-top:30px;--button_accent_color:var(--awb-color6);--button_border_color:var(--awb-color6);--button_accent_hover_color:#000000;--button_border_hover_color:#e2e2e2;--button-border-radius-top-left:7px;--button-border-radius-top-right:7px;--button-border-radius-bottom-right:7px;--button-border-radius-bottom-left:7px;--button_gradient_top_color:#ffffff;--button_gradient_bottom_color:#ffffff;--button_gradient_top_color_hover:#ffffff;--button_gradient_bottom_color_hover:#ffffff;--button_typography-font-family:&quot;Montserrat&quot;;--button_typography-font-style:normal;--button_typography-font-weight:400;\" target=\"_blank\" rel=\"noopener noreferrer\" href=\"https:\/\/www.utalca.cl\/noticias\/utalca-y-ministerio-de-las-culturas-proyectan-un-centro-de-creacion-para-el-maule\"><i class=\"fa-globe fas awb-button__icon awb-button__icon--default button-icon-left\" aria-hidden=\"true\"><\/i><span class=\"fusion-button-text awb-button__text awb-button__text--default\">VER EN <b>UTALCA NOTICIAS<\/b><\/span><\/a><\/div><div ><a class=\"fusion-button button-flat fusion-button-default-size button-custom fusion-button-default button-3 fusion-button-default-span fusion-button-default-type\" style=\"--awb-margin-top:10px;--button_accent_color:var(--awb-color6);--button_border_color:var(--awb-color6);--button_accent_hover_color:#000000;--button_border_hover_color:#e2e2e2;--button-border-radius-top-left:7px;--button-border-radius-top-right:7px;--button-border-radius-bottom-right:7px;--button-border-radius-bottom-left:7px;--button_gradient_top_color:#ffffff;--button_gradient_bottom_color:#ffffff;--button_gradient_top_color_hover:#ffffff;--button_gradient_bottom_color_hover:#ffffff;--button_typography-font-family:&quot;Montserrat&quot;;--button_typography-font-style:normal;--button_typography-font-weight:400;\" target=\"_blank\" rel=\"noopener noreferrer\" href=\"https:\/\/www.vinculacion.utalca.cl\/index.php\/leer\/\"><i class=\"fa-angle-right fas awb-button__icon awb-button__icon--default button-icon-left\" aria-hidden=\"true\"><\/i><span class=\"fusion-button-text awb-button__text awb-button__text--default\"><b>LEER+<\/b> NOTICIAS<\/span><\/a><\/div><\/div><\/div><div class=\"fusion-layout-column fusion_builder_column fusion-builder-column-2 fusion_builder_column_1_3 1_3 fusion-flex-column fusion-no-small-visibility fusion-no-medium-visibility\" style=\"--awb-padding-right:49px;--awb-bg-color:rgba(255,255,255,0);--awb-bg-color-hover:rgba(255,255,255,0);--awb-bg-size:cover;--awb-width-large:33.333333333333%;--awb-margin-top-large:30px;--awb-spacing-right-large:5.76%;--awb-margin-bottom-large:0px;--awb-spacing-left-large:15.552%;--awb-width-medium:100%;--awb-order-medium:0;--awb-spacing-right-medium:1.92%;--awb-spacing-left-medium:1.92%;--awb-width-small:100%;--awb-order-small:0;--awb-spacing-right-small:1.92%;--awb-spacing-left-small:1.92%;\"><div class=\"fusion-column-wrapper fusion-column-has-shadow fusion-flex-justify-content-flex-start fusion-content-layout-column\"><div class=\"fusion-text fusion-text-3\"><p style=\"font-size: 25px; font-family: Montserrat; font-weight: 600;\" data-fusion-font=\"true\" data-fusion-google-font=\"Montserrat\" data-fusion-google-variant=\"600\">\u00daltimas <span style=\"font-family: Montserrat; font-weight: 400;\" data-fusion-font=\"true\" data-fusion-google-font=\"Montserrat\" data-fusion-google-variant=\"400\">Notas<\/span><\/p>\n<\/div><div class=\"fusion-separator fusion-full-width-sep\" style=\"align-self: center;margin-left: auto;margin-right: auto;margin-top:-20px;margin-bottom:20px;width:100%;\"><div class=\"fusion-separator-border sep-single\" style=\"--awb-height:20px;--awb-amount:20px;--awb-sep-color:var(--awb-color6);border-color:var(--awb-color6);border-top-width:3px;\"><\/div><\/div><div class=\"fusion-post-cards fusion-post-cards-1 fusion-grid-archive fusion-grid-columns-1 fusion-grid-flex-grow\" style=\"--awb-column-spacing:0px;--awb-dots-align:center;--awb-columns:1;--awb-active-filter-border-size:3px;--awb-filters-height:36px;--awb-row-spacing:0px;\" data-post-type-label=\"entradas\"><ul class=\"fusion-grid fusion-grid-1 fusion-flex-align-items-flex-start fusion-grid-posts-cards\"><li class=\"fusion-layout-column fusion_builder_column fusion-builder-column-3 fusion-flex-column fusion-column-inner-bg-wrapper post-card fusion-grid-column fusion-post-cards-grid-column\" style=\"--awb-padding-top:25px;--awb-padding-right:25px;--awb-padding-bottom:5px;--awb-padding-left:25px;--awb-overflow:hidden;--awb-inner-bg-color:rgba(249,249,249,0);--awb-inner-bg-color-hover:rgba(249,249,249,0);--awb-inner-bg-size:cover;--awb-border-radius:15px 15px 15px 15px;--awb-inner-bg-border-radius:15px 15px 15px 15px;--awb-inner-bg-overflow:hidden;--awb-transform:scaleX(0.98) scaleY(0.98);--awb-transform-hover:scaleX(1.00) scaleY(1.00);--awb-flex-grow:0;--awb-flex-shrink:0;--awb-flex-grow-medium:0;--awb-flex-shrink-medium:0;--awb-flex-grow-small:0;--awb-flex-shrink-small:0;\"><span class=\"fusion-column-inner-bg hover-type-none\"><a class=\"fusion-column-anchor\" href=\"https:\/\/www.vinculacion.utalca.cl\/index.php\/2026\/04\/10\/fondo-concursable-impulsa-vinculacion-estudiantil\/\" rel=\"noopener noreferrer\" target=\"_blank\"><span class=\"fusion-column-inner-bg-image\"><\/span><\/a><\/span><div class=\"fusion-column-wrapper fusion-flex-justify-content-flex-start fusion-content-layout-column\"><div class=\"fusion-builder-row fusion-builder-row-inner fusion-row fusion-flex-align-items-flex-start fusion-flex-content-wrap\" style=\"--awb-flex-grow:0;--awb-flex-grow-medium:0;--awb-flex-grow-small:0;--awb-flex-shrink:0;--awb-flex-shrink-medium:0;--awb-flex-shrink-small:0;width:104% !important;max-width:104% !important;margin-left: calc(-4% \/ 2 );margin-right: calc(-4% \/ 2 );\"><div class=\"fusion-layout-column fusion_builder_column_inner fusion-builder-nested-column-0 fusion_builder_column_inner_1_1 1_1 fusion-flex-column\" style=\"--awb-overflow:hidden;--awb-bg-size:cover;--awb-border-radius:10px 10px 10px 10px;--awb-width-large:100%;--awb-margin-top-large:0px;--awb-spacing-right-large:1.92%;--awb-margin-bottom-large:20px;--awb-spacing-left-large:1.92%;--awb-width-medium:100%;--awb-order-medium:0;--awb-spacing-right-medium:1.92%;--awb-spacing-left-medium:1.92%;--awb-width-small:100%;--awb-order-small:0;--awb-spacing-right-small:1.92%;--awb-spacing-left-small:1.92%;\"><div class=\"fusion-column-wrapper lazyload fusion-column-has-shadow fusion-flex-justify-content-flex-start fusion-content-layout-column fusion-column-has-bg-image\" data-bg-url=\"https:\/\/www.vinculacion.utalca.cl\/wp-content\/uploads\/2026\/04\/imagen_2026-04-17_161322957.png\" data-bg=\"https:\/\/www.vinculacion.utalca.cl\/wp-content\/uploads\/2026\/04\/imagen_2026-04-17_161322957.png\"><div class=\"fusion-separator fusion-full-width-sep\" style=\"align-self: center;margin-left: auto;margin-right: auto;flex-grow:10;margin-top:150px;width:100%;\"><\/div><\/div><\/div><\/div><div class=\"fusion-title title fusion-title-1 fusion-sep-none fusion-title-text fusion-title-size-four\" style=\"--awb-text-color:var(--awb-color7);--awb-margin-top:0px;--awb-margin-bottom:10px;--awb-margin-left:5px;--awb-margin-top-small:10px;--awb-margin-right-small:0px;--awb-margin-bottom-small:10px;--awb-margin-left-small:0px;--awb-font-size:17px;\"><h4 class=\"fusion-title-heading title-heading-left fusion-responsive-typography-calculated\" style=\"font-family:&quot;Montserrat&quot;;font-style:normal;font-weight:600;margin:0;text-transform:none;font-size:1em;--fontSize:17;--minFontSize:17;line-height:1.06;\">Fondo concursable impulsa vinculaci\u00f3n estudiantil<\/h4><\/div><div class=\"fusion-separator fusion-full-width-sep\" style=\"align-self: center;margin-left: auto;margin-right: auto;margin-bottom:10px;width:100%;\"><div class=\"fusion-separator-border sep-single\" style=\"--awb-height:20px;--awb-amount:20px;--awb-sep-color:var(--awb-color6);border-color:var(--awb-color6);border-top-width:1px;\"><\/div><\/div><div class=\"fusion-text fusion-text-4 fusion-text-no-margin\" style=\"--awb-content-alignment:left;--awb-font-size:12px;--awb-line-height:1.2;--awb-letter-spacing:0px;--awb-text-transform:var(--awb-typography5-text-transform);--awb-text-color:var(--awb-color7);--awb-margin-bottom:0px;--awb-margin-left:5px;--awb-text-font-family:&quot;Montserrat&quot;;--awb-text-font-style:normal;--awb-text-font-weight:400;\"><p>Publicado el 10 abril, 2026<\/p>\n<\/div><\/div><\/li>\n<li class=\"fusion-layout-column fusion_builder_column fusion-builder-column-4 fusion-flex-column fusion-column-inner-bg-wrapper post-card fusion-grid-column fusion-post-cards-grid-column\" style=\"--awb-padding-top:25px;--awb-padding-right:25px;--awb-padding-bottom:5px;--awb-padding-left:25px;--awb-overflow:hidden;--awb-inner-bg-color:rgba(249,249,249,0);--awb-inner-bg-color-hover:rgba(249,249,249,0);--awb-inner-bg-size:cover;--awb-border-radius:15px 15px 15px 15px;--awb-inner-bg-border-radius:15px 15px 15px 15px;--awb-inner-bg-overflow:hidden;--awb-transform:scaleX(0.98) scaleY(0.98);--awb-transform-hover:scaleX(1.00) scaleY(1.00);--awb-flex-grow:0;--awb-flex-shrink:0;--awb-flex-grow-medium:0;--awb-flex-shrink-medium:0;--awb-flex-grow-small:0;--awb-flex-shrink-small:0;\"><span class=\"fusion-column-inner-bg hover-type-none\"><a class=\"fusion-column-anchor\" href=\"https:\/\/www.vinculacion.utalca.cl\/index.php\/2026\/03\/16\/nueva-convocatoria-de-talleres-gratuitos-de-ciencia-y-tecnologia-para-escolares\/\" rel=\"noopener noreferrer\" target=\"_blank\"><span class=\"fusion-column-inner-bg-image\"><\/span><\/a><\/span><div class=\"fusion-column-wrapper fusion-flex-justify-content-flex-start fusion-content-layout-column\"><div class=\"fusion-builder-row fusion-builder-row-inner fusion-row fusion-flex-align-items-flex-start fusion-flex-content-wrap\" style=\"--awb-flex-grow:0;--awb-flex-grow-medium:0;--awb-flex-grow-small:0;--awb-flex-shrink:0;--awb-flex-shrink-medium:0;--awb-flex-shrink-small:0;width:104% !important;max-width:104% !important;margin-left: calc(-4% \/ 2 );margin-right: calc(-4% \/ 2 );\"><div class=\"fusion-layout-column fusion_builder_column_inner fusion-builder-nested-column-1 fusion_builder_column_inner_1_1 1_1 fusion-flex-column\" style=\"--awb-overflow:hidden;--awb-bg-size:cover;--awb-border-radius:10px 10px 10px 10px;--awb-width-large:100%;--awb-margin-top-large:0px;--awb-spacing-right-large:1.92%;--awb-margin-bottom-large:20px;--awb-spacing-left-large:1.92%;--awb-width-medium:100%;--awb-order-medium:0;--awb-spacing-right-medium:1.92%;--awb-spacing-left-medium:1.92%;--awb-width-small:100%;--awb-order-small:0;--awb-spacing-right-small:1.92%;--awb-spacing-left-small:1.92%;\"><div class=\"fusion-column-wrapper lazyload fusion-column-has-shadow fusion-flex-justify-content-flex-start fusion-content-layout-column fusion-column-has-bg-image\" data-bg-url=\"https:\/\/www.vinculacion.utalca.cl\/wp-content\/uploads\/2026\/03\/IMG_2859-scaled.jpg\" data-bg=\"https:\/\/www.vinculacion.utalca.cl\/wp-content\/uploads\/2026\/03\/IMG_2859-scaled.jpg\"><div class=\"fusion-separator fusion-full-width-sep\" style=\"align-self: center;margin-left: auto;margin-right: auto;flex-grow:10;margin-top:150px;width:100%;\"><\/div><\/div><\/div><\/div><div class=\"fusion-title title fusion-title-2 fusion-sep-none fusion-title-text fusion-title-size-four\" style=\"--awb-text-color:var(--awb-color7);--awb-margin-top:0px;--awb-margin-bottom:10px;--awb-margin-left:5px;--awb-margin-top-small:10px;--awb-margin-right-small:0px;--awb-margin-bottom-small:10px;--awb-margin-left-small:0px;--awb-font-size:17px;\"><h4 class=\"fusion-title-heading title-heading-left fusion-responsive-typography-calculated\" style=\"font-family:&quot;Montserrat&quot;;font-style:normal;font-weight:600;margin:0;text-transform:none;font-size:1em;--fontSize:17;--minFontSize:17;line-height:1.06;\">Nueva convocatoria de talleres gratuitos de ciencia y tecnolog\u00eda para escolares<\/h4><\/div><div class=\"fusion-separator fusion-full-width-sep\" style=\"align-self: center;margin-left: auto;margin-right: auto;margin-bottom:10px;width:100%;\"><div class=\"fusion-separator-border sep-single\" style=\"--awb-height:20px;--awb-amount:20px;--awb-sep-color:var(--awb-color6);border-color:var(--awb-color6);border-top-width:1px;\"><\/div><\/div><div class=\"fusion-text fusion-text-5 fusion-text-no-margin\" style=\"--awb-content-alignment:left;--awb-font-size:12px;--awb-line-height:1.2;--awb-letter-spacing:0px;--awb-text-transform:var(--awb-typography5-text-transform);--awb-text-color:var(--awb-color7);--awb-margin-bottom:0px;--awb-margin-left:5px;--awb-text-font-family:&quot;Montserrat&quot;;--awb-text-font-style:normal;--awb-text-font-weight:400;\"><p>Publicado el 16 marzo, 2026<\/p>\n<\/div><\/div><\/li>\n<li class=\"fusion-layout-column fusion_builder_column fusion-builder-column-5 fusion-flex-column fusion-column-inner-bg-wrapper post-card fusion-grid-column fusion-post-cards-grid-column\" style=\"--awb-padding-top:25px;--awb-padding-right:25px;--awb-padding-bottom:5px;--awb-padding-left:25px;--awb-overflow:hidden;--awb-inner-bg-color:rgba(249,249,249,0);--awb-inner-bg-color-hover:rgba(249,249,249,0);--awb-inner-bg-size:cover;--awb-border-radius:15px 15px 15px 15px;--awb-inner-bg-border-radius:15px 15px 15px 15px;--awb-inner-bg-overflow:hidden;--awb-transform:scaleX(0.98) scaleY(0.98);--awb-transform-hover:scaleX(1.00) scaleY(1.00);--awb-flex-grow:0;--awb-flex-shrink:0;--awb-flex-grow-medium:0;--awb-flex-shrink-medium:0;--awb-flex-grow-small:0;--awb-flex-shrink-small:0;\"><span class=\"fusion-column-inner-bg hover-type-none\"><a class=\"fusion-column-anchor\" href=\"https:\/\/www.vinculacion.utalca.cl\/index.php\/2026\/02\/20\/campamento-fortalece-la-educacion-indagatoria-de-docentes-del-maule\/\" rel=\"noopener noreferrer\" target=\"_blank\"><span class=\"fusion-column-inner-bg-image\"><\/span><\/a><\/span><div class=\"fusion-column-wrapper fusion-flex-justify-content-flex-start fusion-content-layout-column\"><div class=\"fusion-builder-row fusion-builder-row-inner fusion-row fusion-flex-align-items-flex-start fusion-flex-content-wrap\" style=\"--awb-flex-grow:0;--awb-flex-grow-medium:0;--awb-flex-grow-small:0;--awb-flex-shrink:0;--awb-flex-shrink-medium:0;--awb-flex-shrink-small:0;width:104% !important;max-width:104% !important;margin-left: calc(-4% \/ 2 );margin-right: calc(-4% \/ 2 );\"><div class=\"fusion-layout-column fusion_builder_column_inner fusion-builder-nested-column-2 fusion_builder_column_inner_1_1 1_1 fusion-flex-column\" style=\"--awb-overflow:hidden;--awb-bg-size:cover;--awb-border-radius:10px 10px 10px 10px;--awb-width-large:100%;--awb-margin-top-large:0px;--awb-spacing-right-large:1.92%;--awb-margin-bottom-large:20px;--awb-spacing-left-large:1.92%;--awb-width-medium:100%;--awb-order-medium:0;--awb-spacing-right-medium:1.92%;--awb-spacing-left-medium:1.92%;--awb-width-small:100%;--awb-order-small:0;--awb-spacing-right-small:1.92%;--awb-spacing-left-small:1.92%;\"><div class=\"fusion-column-wrapper lazyload fusion-column-has-shadow fusion-flex-justify-content-flex-start fusion-content-layout-column fusion-column-has-bg-image\" data-bg-url=\"https:\/\/www.vinculacion.utalca.cl\/wp-content\/uploads\/2026\/03\/imagen_2026-03-04_090601172.png\" data-bg=\"https:\/\/www.vinculacion.utalca.cl\/wp-content\/uploads\/2026\/03\/imagen_2026-03-04_090601172.png\"><div class=\"fusion-separator fusion-full-width-sep\" style=\"align-self: center;margin-left: auto;margin-right: auto;flex-grow:10;margin-top:150px;width:100%;\"><\/div><\/div><\/div><\/div><div class=\"fusion-title title fusion-title-3 fusion-sep-none fusion-title-text fusion-title-size-four\" style=\"--awb-text-color:var(--awb-color7);--awb-margin-top:0px;--awb-margin-bottom:10px;--awb-margin-left:5px;--awb-margin-top-small:10px;--awb-margin-right-small:0px;--awb-margin-bottom-small:10px;--awb-margin-left-small:0px;--awb-font-size:17px;\"><h4 class=\"fusion-title-heading title-heading-left fusion-responsive-typography-calculated\" style=\"font-family:&quot;Montserrat&quot;;font-style:normal;font-weight:600;margin:0;text-transform:none;font-size:1em;--fontSize:17;--minFontSize:17;line-height:1.06;\">Campamento fortalece la educaci\u00f3n indagatoria de docentes del Maule<\/h4><\/div><div class=\"fusion-separator fusion-full-width-sep\" style=\"align-self: center;margin-left: auto;margin-right: auto;margin-bottom:10px;width:100%;\"><div class=\"fusion-separator-border sep-single\" style=\"--awb-height:20px;--awb-amount:20px;--awb-sep-color:var(--awb-color6);border-color:var(--awb-color6);border-top-width:1px;\"><\/div><\/div><div class=\"fusion-text fusion-text-6 fusion-text-no-margin\" style=\"--awb-content-alignment:left;--awb-font-size:12px;--awb-line-height:1.2;--awb-letter-spacing:0px;--awb-text-transform:var(--awb-typography5-text-transform);--awb-text-color:var(--awb-color7);--awb-margin-bottom:0px;--awb-margin-left:5px;--awb-text-font-family:&quot;Montserrat&quot;;--awb-text-font-style:normal;--awb-text-font-weight:400;\"><p>Publicado el 20 febrero, 2026<\/p>\n<\/div><\/div><\/li>\n<\/ul><\/div><\/div><\/div><div class=\"fusion-layout-column fusion_builder_column fusion-builder-column-6 fusion_builder_column_1_1 1_1 fusion-flex-column\" style=\"--awb-bg-size:cover;--awb-width-large:100%;--awb-flex-grow:0;--awb-flex-shrink:0;--awb-margin-top-large:0px;--awb-spacing-right-large:1.92%;--awb-margin-bottom-large:0px;--awb-spacing-left-large:1.92%;--awb-width-medium:100%;--awb-order-medium:0;--awb-flex-grow-medium:0;--awb-flex-shrink-medium:0;--awb-spacing-right-medium:1.92%;--awb-spacing-left-medium:1.92%;--awb-width-small:100%;--awb-order-small:0;--awb-flex-grow-small:0;--awb-flex-shrink-small:0;--awb-spacing-right-small:1.92%;--awb-spacing-left-small:1.92%;\"><div class=\"fusion-column-wrapper lazyload fusion-column-has-shadow fusion-flex-justify-content-flex-start fusion-content-layout-column fusion-column-has-bg-image\" data-bg-url=\"https:\/\/www.vinculacion.utalca.cl\/wp-content\/uploads\/2025\/07\/fondo-redes-vcm-scaled.jpg\" data-bg=\"https:\/\/www.vinculacion.utalca.cl\/wp-content\/uploads\/2025\/07\/fondo-redes-vcm-scaled.jpg\"><div class=\"fusion-text fusion-text-7 fusion-text-no-margin\" style=\"--awb-margin-top:10px;--awb-margin-right:0px;--awb-margin-bottom:10px;--awb-margin-left:0px;\"><p style=\"font-size: 20px; font-family: Montserrat; font-weight: 500; text-align: center;\" data-fusion-font=\"true\" data-fusion-google-font=\"Montserrat\" data-fusion-google-variant=\"500\"><span style=\"font-family: Montserrat; font-weight: bold; color: #ffffff; font-size: 18px;\" data-fusion-font=\"true\" data-fusion-google-font=\"Montserrat\" data-fusion-google-variant=\"700\">Leer+<\/span><span style=\"color: #ffffff; font-size: 18px;\" data-fusion-font=\"true\"> Vinculaci\u00f3n<\/span><\/p>\n<\/div><\/div><\/div><\/div><\/div>\n","protected":false},"excerpt":{"rendered":"","protected":false},"author":11,"featured_media":16861,"comment_status":"open","ping_status":"open","sticky":false,"template":"","format":"standard","meta":{"footnotes":""},"categories":[118,59],"tags":[158],"class_list":["post-10456","post","type-post","status-publish","format-standard","has-post-thumbnail","hentry","category-todas","category-vinculacion","tag-leer"],"_links":{"self":[{"href":"https:\/\/www.vinculacion.utalca.cl\/index.php\/wp-json\/wp\/v2\/posts\/10456","targetHints":{"allow":["GET"]}}],"collection":[{"href":"https:\/\/www.vinculacion.utalca.cl\/index.php\/wp-json\/wp\/v2\/posts"}],"about":[{"href":"https:\/\/www.vinculacion.utalca.cl\/index.php\/wp-json\/wp\/v2\/types\/post"}],"author":[{"embeddable":true,"href":"https:\/\/www.vinculacion.utalca.cl\/index.php\/wp-json\/wp\/v2\/users\/11"}],"replies":[{"embeddable":true,"href":"https:\/\/www.vinculacion.utalca.cl\/index.php\/wp-json\/wp\/v2\/comments?post=10456"}],"version-history":[{"count":1,"href":"https:\/\/www.vinculacion.utalca.cl\/index.php\/wp-json\/wp\/v2\/posts\/10456\/revisions"}],"predecessor-version":[{"id":18582,"href":"https:\/\/www.vinculacion.utalca.cl\/index.php\/wp-json\/wp\/v2\/posts\/10456\/revisions\/18582"}],"wp:featuredmedia":[{"embeddable":true,"href":"https:\/\/www.vinculacion.utalca.cl\/index.php\/wp-json\/wp\/v2\/media\/16861"}],"wp:attachment":[{"href":"https:\/\/www.vinculacion.utalca.cl\/index.php\/wp-json\/wp\/v2\/media?parent=10456"}],"wp:term":[{"taxonomy":"category","embeddable":true,"href":"https:\/\/www.vinculacion.utalca.cl\/index.php\/wp-json\/wp\/v2\/categories?post=10456"},{"taxonomy":"post_tag","embeddable":true,"href":"https:\/\/www.vinculacion.utalca.cl\/index.php\/wp-json\/wp\/v2\/tags?post=10456"}],"curies":[{"name":"wp","href":"https:\/\/api.w.org\/{rel}","templated":true}]}}