{"id":13663,"date":"2024-09-13T09:41:41","date_gmt":"2024-09-13T12:41:41","guid":{"rendered":"https:\/\/www.vinculacion.utalca.cl\/?p=13663"},"modified":"2026-01-16T15:53:39","modified_gmt":"2026-01-16T18:53:39","slug":"programa-atrevete-a-emprender-adjudico-fondos-a-ocho-proyectos","status":"publish","type":"post","link":"https:\/\/www.vinculacion.utalca.cl\/index.php\/2024\/09\/13\/programa-atrevete-a-emprender-adjudico-fondos-a-ocho-proyectos\/","title":{"rendered":"Programa \u201cAtr\u00e9vete a Emprender\u201d adjudic\u00f3 fondos a ocho proyectos"},"content":{"rendered":"<div class=\"fusion-fullwidth fullwidth-box fusion-builder-row-1 fusion-flex-container has-pattern-background has-mask-background hundred-percent-fullwidth non-hundred-percent-height-scrolling\" style=\"--awb-border-radius-top-left:0px;--awb-border-radius-top-right:0px;--awb-border-radius-bottom-right:0px;--awb-border-radius-bottom-left:0px;--awb-padding-left:0px;--awb-padding-top-small:0px;--awb-padding-right-small:0px;--awb-padding-left-small:0px;--awb-margin-top:72px;--awb-background-color:#ffffff;--awb-flex-wrap:wrap;\" ><div class=\"fusion-builder-row fusion-row fusion-flex-align-items-flex-start fusion-flex-content-wrap\" style=\"width:104% !important;max-width:104% !important;margin-left: calc(-4% \/ 2 );margin-right: calc(-4% \/ 2 );\"><div class=\"fusion-layout-column fusion_builder_column fusion-builder-column-0 fusion_builder_column_1_1 1_1 fusion-flex-column fusion-flex-align-self-flex-start\" style=\"--awb-padding-top:270px;--awb-padding-right:650px;--awb-padding-bottom:10px;--awb-padding-left:73px;--awb-padding-top-small:85px;--awb-padding-right-small:54px;--awb-padding-left-small:28px;--awb-overflow:hidden;--awb-bg-color:#000000;--awb-bg-color-hover:#000000;--awb-bg-image:linear-gradient(180deg, rgba(0,0,0,0) 0%,rgba(0,0,0,0.62) 100%);;--awb-bg-position:center center;--awb-bg-size:cover;--awb-border-radius:0px 0px 50px 50px;--awb-width-large:100%;--awb-margin-top-large:0px;--awb-spacing-right-large:0%;--awb-margin-bottom-large:0px;--awb-spacing-left-large:0%;--awb-width-medium:100%;--awb-order-medium:0;--awb-spacing-right-medium:1.92%;--awb-spacing-left-medium:1.92%;--awb-width-small:100%;--awb-order-small:0;--awb-spacing-right-small:1.92%;--awb-spacing-left-small:1.92%;\"><div class=\"fusion-column-wrapper lazyload fusion-column-has-shadow fusion-flex-justify-content-space-around fusion-content-layout-column fusion-column-has-bg-image\" data-bg-url=\"https:\/\/www.vinculacion.utalca.cl\/wp-content\/uploads\/2025\/08\/imagen_2025-08-01_120658758.png\" data-bg=\"https:\/\/www.vinculacion.utalca.cl\/wp-content\/uploads\/2025\/08\/imagen_2025-08-01_120658758.png\" data-bg-gradient=\"linear-gradient(180deg, rgba(0,0,0,0) 0%,rgba(0,0,0,0.62) 100%)\"><div style=\"text-align:left;\"><a class=\"fusion-button button-flat button-small button-custom fusion-button-default button-1 fusion-button-span-no fusion-button-default-type\" style=\"--awb-margin-bottom:20px;--button_accent_color:#ffffff;--button_border_color:var(--awb-color6);--button_accent_hover_color:#000000;--button_border_hover_color:#e2e2e2;--button_gradient_top_color:var(--awb-color6);--button_gradient_bottom_color:var(--awb-color6);--button_gradient_top_color_hover:#ffffff;--button_gradient_bottom_color_hover:#ffffff;\" target=\"_self\"><span class=\"fusion-button-text awb-button__text awb-button__text--default\"><b>VINCULACI\u00d3N<\/b><\/span><\/a><\/div><div class=\"fusion-text fusion-text-1\"><h2 class=\"fusion-responsive-typography-calculated\" style=\"font-size: 31px; color: #ffffff; font-family: Montserrat; font-weight: 600; --fontsize: 31; line-height: 1.2;\" data-fusion-font=\"true\" data-fusion-google-font=\"Montserrat\" data-fusion-google-variant=\"600\" data-fontsize=\"31\" data-lineheight=\"37.2px\">Programa \u201cAtr\u00e9vete a Emprender\u201d adjudic\u00f3 fondos a ocho proyectos<\/h2>\n<\/div><\/div><\/div><div class=\"fusion-layout-column fusion_builder_column fusion-builder-column-1 fusion_builder_column_2_3 2_3 fusion-flex-column\" style=\"--awb-bg-size:cover;--awb-width-large:66.666666666667%;--awb-margin-top-large:30px;--awb-spacing-right-large:2.88%;--awb-margin-bottom-large:58px;--awb-spacing-left-large:75px;--awb-width-medium:100%;--awb-order-medium:0;--awb-spacing-right-medium:1.92%;--awb-spacing-left-medium:1.92%;--awb-width-small:100%;--awb-order-small:0;--awb-spacing-right-small:8.64%;--awb-spacing-left-small:8.736%;\"><div class=\"fusion-column-wrapper fusion-column-has-shadow fusion-flex-justify-content-flex-start fusion-content-layout-column\"><div class=\"fusion-text fusion-text-2\"><p style=\"font-size: 18px; line-height: 22px; font-family: Montserrat; font-weight: 500;\" data-fusion-font=\"true\" data-fusion-google-font=\"Montserrat\" data-fusion-google-variant=\"500\">Ante la calidad de las propuestas el jurado ampli\u00f3 la entrega de recursos a todas las iniciativas de estudiantes de pre y postgrado que llegaron a la etapa final.<\/p>\n<p style=\"font-size: 16px; line-height: 21px; font-family: Montserrat; font-weight: 500;\" data-fusion-font=\"true\" data-fusion-google-font=\"Montserrat\" data-fusion-google-variant=\"500\">13 Septiembre 2024 | Alejandro \u00c1vila Retamal<\/p>\n<p style=\"font-size: 15px; line-height: 21px; font-family: Montserrat; font-weight: 400;\" data-fusion-font=\"true\" data-fusion-google-font=\"Montserrat\" data-fusion-google-variant=\"400\">Juegos de cartas que ense\u00f1an ciencia, espumantes de cereza e innovadoras herramientas, t\u00e9cnicas microbiol\u00f3gicas y softwares para el \u00e1mbito de la salud, se encuentran entre los ocho proyectos de estudiantes de pre y postgrado que se adjudicaron recursos para avanzar en el escalamiento de sus ideas en el marco del Programa \u201cAtr\u00e9vete a emprender\u201d impulsado por la Vicerrector\u00eda Acad\u00e9mica a trav\u00e9s de la Direcci\u00f3n de Innovaci\u00f3n y Transferencia (DIT).<\/p>\n<p style=\"font-size: 15px; line-height: 21px; font-family: Montserrat; font-weight: 400;\" data-fusion-font=\"true\" data-fusion-google-font=\"Montserrat\" data-fusion-google-variant=\"400\">\u201cLogramos identificar proyectos innovadores con alto potencial para constituirse como empresas en el futuro\u201d, afirm\u00f3 la directora de la DIT, Ariela Vergara Jaque, quien fue parte del jurado.<\/p>\n<p style=\"font-size: 15px; line-height: 21px; font-family: Montserrat; font-weight: 400;\" data-fusion-font=\"true\" data-fusion-google-font=\"Montserrat\" data-fusion-google-variant=\"400\">La autoridad destac\u00f3 que, si bien al inicio se contempl\u00f3 la entrega diferenciada de financiamiento a las iniciativas que obtuvieran el puntaje m\u00e1s alto durante la evaluaci\u00f3n final, la calidad de las propuestas que lleg\u00f3 a esa etapa llev\u00f3 al jurado a tomar la decisi\u00f3n de ampliar el aporte monetario para todos los grupos, a lo que sum\u00f3 un aporte de uso libre para los tres mejores.<\/p>\n<p style=\"font-size: 15px; line-height: 21px; font-family: Montserrat; font-weight: 400;\" data-fusion-font=\"true\" data-fusion-google-font=\"Montserrat\" data-fusion-google-variant=\"400\">Vergara record\u00f3 que a lo largo del proceso los equipos participantes \u00abfueron capacitados por nuestra direcci\u00f3n para exponer sus iniciativas en formato pitch (presentaci\u00f3n persuasiva) ante un jurado que les asesor\u00f3 para ir mejorando sus propuestas. Esperamos e invitamos a que m\u00e1s estudiantes puedan sumarse a las pr\u00f3ximas versiones de este programa\u00bb.<\/p>\n<p style=\"font-size: 15px; line-height: 21px; font-family: Montserrat; font-weight: 400;\" data-fusion-font=\"true\" data-fusion-google-font=\"Montserrat\" data-fusion-google-variant=\"400\">Junto a la profesora Jaque, el equipo a cargo de las deliberaciones adem\u00e1s fue integrada por la ejecutiva regional de la Corporaci\u00f3n de Fomento de la Producci\u00f3n (Corfo), Carolina Mu\u00f1oz Rodr\u00edguez, quien felicit\u00f3 a las y los participantes. \u201cAl ser un trabajo que no est\u00e1 dentro de la malla curricular de la universidad, se valora enormemente su dedicaci\u00f3n\u201d, asever\u00f3.<\/p>\n<p style=\"font-size: 15px; line-height: 21px; font-family: Montserrat; font-weight: 400;\" data-fusion-font=\"true\" data-fusion-google-font=\"Montserrat\" data-fusion-google-variant=\"400\">\u201cComo Corfo esperamos que estos proyectos lleguen a transformarse en realidad y apoyarlos en su ingreso al mercado. Nuestros instrumentos para emprendedores est\u00e1n disponibles para que muchos de ellos puedan concretarse en un negocio real, ojal\u00e1 a corto plazo\u201d, agreg\u00f3.<\/p>\n<p style=\"font-size: 15px; line-height: 21px; font-family: Montserrat; font-weight: 400;\" data-fusion-font=\"true\" data-fusion-google-font=\"Montserrat\" data-fusion-google-variant=\"400\">Por su parte, la directora de Finanzas de la UTalca, Tamara Tigero Richards, quien tambi\u00e9n form\u00f3 parte del jurado, felicit\u00f3 a los ocho proyectos seleccionados. \u00abLa verdad es que es dif\u00edcil en cinco minutos sintetizar las ideas principales respecto a un proyecto, pero todas las iniciativas fueron muy buenas\u201d, subray\u00f3.<\/p>\n<p style=\"font-size: 15px; line-height: 21px; font-family: Montserrat; font-weight: 400;\" data-fusion-font=\"true\" data-fusion-google-font=\"Montserrat\" data-fusion-google-variant=\"400\">A su turno, la directora de G\u00e9nero, Natalia V\u00e9liz Olivos, quien tambi\u00e9n integr\u00f3 el grupo evaluador, valor\u00f3 \u201cla incorporaci\u00f3n del enfoque de g\u00e9nero en los proyectos. Les invito a seguir participando de estas iniciativas\u201d.<\/p>\n<p style=\"font-size: 15px; line-height: 21px; font-family: Montserrat; font-weight: 400;\" data-fusion-font=\"true\" data-fusion-google-font=\"Montserrat\" data-fusion-google-variant=\"400\">Recursos<\/p>\n<p style=\"font-size: 15px; line-height: 21px; font-family: Montserrat; font-weight: 400;\" data-fusion-font=\"true\" data-fusion-google-font=\"Montserrat\" data-fusion-google-variant=\"400\">Una de las organizadoras del Programa \u201cAtr\u00e9vete a emprender\u201d y especialista en emprendimiento del Espacio e+i de la DIT, Tamara P\u00e9rez Espinoza, explic\u00f3 que \u201cel apoyo del Banco Santander nos permiti\u00f3 premiar con montos diferenciados a los seis mejor calificados, siendo los tres primeros: un grupo de estudiantes de ingenier\u00eda con un innovador sujetador de objetos para personas con movilidad reducida. Le sigui\u00f3 una aplicaci\u00f3n para el cuidado de mascotas, dise\u00f1ada por un estudiante de Ing. Inform\u00e1tica Empresarial, mientras que el tercer emprendimiento con mejor calificaci\u00f3n es un espumante de cerezas con sello maulino\u201d.<\/p>\n<p style=\"font-size: 15px; line-height: 21px; font-family: Montserrat; font-weight: 400;\" data-fusion-font=\"true\" data-fusion-google-font=\"Montserrat\" data-fusion-google-variant=\"400\">La profesional inst\u00f3 al estudiantado \u00aba mantenerse al tanto de las iniciativas que promueve la UTalca, pues creemos profundamente en su esp\u00edritu innovador y el potencial de sus emprendimientos. Atr\u00e9vanse a creer en sus ideas y participen en futuras convocatorias\u201d.<\/p>\n<\/div><div ><a class=\"fusion-button button-flat fusion-button-default-size button-custom fusion-button-default button-2 fusion-button-default-span fusion-button-default-type\" style=\"--awb-margin-top:30px;--button_accent_color:var(--awb-color6);--button_border_color:var(--awb-color6);--button_accent_hover_color:#000000;--button_border_hover_color:#e2e2e2;--button-border-radius-top-left:7px;--button-border-radius-top-right:7px;--button-border-radius-bottom-right:7px;--button-border-radius-bottom-left:7px;--button_gradient_top_color:#ffffff;--button_gradient_bottom_color:#ffffff;--button_gradient_top_color_hover:#ffffff;--button_gradient_bottom_color_hover:#ffffff;--button_typography-font-family:&quot;Montserrat&quot;;--button_typography-font-style:normal;--button_typography-font-weight:400;\" target=\"_blank\" rel=\"noopener noreferrer\" href=\"https:\/\/www.utalca.cl\/noticias\/programa-atrevete-a-emprender-adjudico-fondos-a-ocho-proyectos\"><i class=\"fa-globe fas awb-button__icon awb-button__icon--default button-icon-left\" aria-hidden=\"true\"><\/i><span class=\"fusion-button-text awb-button__text awb-button__text--default\">VER EN <b>UTALCA NOTICIAS<\/b><\/span><\/a><\/div><div ><a class=\"fusion-button button-flat fusion-button-default-size button-custom fusion-button-default button-3 fusion-button-default-span fusion-button-default-type\" style=\"--awb-margin-top:10px;--button_accent_color:var(--awb-color6);--button_border_color:var(--awb-color6);--button_accent_hover_color:#000000;--button_border_hover_color:#e2e2e2;--button-border-radius-top-left:7px;--button-border-radius-top-right:7px;--button-border-radius-bottom-right:7px;--button-border-radius-bottom-left:7px;--button_gradient_top_color:#ffffff;--button_gradient_bottom_color:#ffffff;--button_gradient_top_color_hover:#ffffff;--button_gradient_bottom_color_hover:#ffffff;--button_typography-font-family:&quot;Montserrat&quot;;--button_typography-font-style:normal;--button_typography-font-weight:400;\" target=\"_blank\" rel=\"noopener noreferrer\" href=\"https:\/\/www.vinculacion.utalca.cl\/index.php\/leer\/\"><i class=\"fa-angle-right fas awb-button__icon awb-button__icon--default button-icon-left\" aria-hidden=\"true\"><\/i><span class=\"fusion-button-text awb-button__text awb-button__text--default\"><b>LEER+<\/b> NOTICIAS<\/span><\/a><\/div><\/div><\/div><div class=\"fusion-layout-column fusion_builder_column fusion-builder-column-2 fusion_builder_column_1_3 1_3 fusion-flex-column fusion-no-small-visibility fusion-no-medium-visibility\" style=\"--awb-padding-right:49px;--awb-bg-color:rgba(255,255,255,0);--awb-bg-color-hover:rgba(255,255,255,0);--awb-bg-size:cover;--awb-width-large:33.333333333333%;--awb-margin-top-large:30px;--awb-spacing-right-large:5.76%;--awb-margin-bottom-large:0px;--awb-spacing-left-large:15.552%;--awb-width-medium:100%;--awb-order-medium:0;--awb-spacing-right-medium:1.92%;--awb-spacing-left-medium:1.92%;--awb-width-small:100%;--awb-order-small:0;--awb-spacing-right-small:1.92%;--awb-spacing-left-small:1.92%;\"><div class=\"fusion-column-wrapper fusion-column-has-shadow fusion-flex-justify-content-flex-start fusion-content-layout-column\"><div class=\"fusion-text fusion-text-3\"><p style=\"font-size: 25px; font-family: Montserrat; font-weight: 600;\" data-fusion-font=\"true\" data-fusion-google-font=\"Montserrat\" data-fusion-google-variant=\"600\">\u00daltimas <span style=\"font-family: Montserrat; font-weight: 400;\" data-fusion-font=\"true\" data-fusion-google-font=\"Montserrat\" data-fusion-google-variant=\"400\">Notas<\/span><\/p>\n<\/div><div class=\"fusion-separator fusion-full-width-sep\" style=\"align-self: center;margin-left: auto;margin-right: auto;margin-top:-20px;margin-bottom:20px;width:100%;\"><div class=\"fusion-separator-border sep-single\" style=\"--awb-height:20px;--awb-amount:20px;--awb-sep-color:var(--awb-color6);border-color:var(--awb-color6);border-top-width:3px;\"><\/div><\/div><div class=\"fusion-post-cards fusion-post-cards-1 fusion-grid-archive fusion-grid-columns-1 fusion-grid-flex-grow\" style=\"--awb-column-spacing:0px;--awb-dots-align:center;--awb-columns:1;--awb-active-filter-border-size:3px;--awb-filters-height:36px;--awb-row-spacing:9px;\" data-post-type-label=\"entradas\"><ul class=\"fusion-grid fusion-grid-1 fusion-flex-align-items-flex-start fusion-grid-posts-cards\"><li class=\"fusion-layout-column fusion_builder_column fusion-builder-column-3 fusion-flex-column fusion-column-inner-bg-wrapper post-card fusion-grid-column fusion-post-cards-grid-column\" style=\"--awb-padding-right:25px;--awb-padding-bottom:25px;--awb-padding-left:5px;--awb-overflow:hidden;--awb-inner-bg-color:#ffffff;--awb-inner-bg-color-hover:#ffffff;--awb-inner-bg-size:cover;--awb-border-radius:15px 15px 15px 15px;--awb-inner-bg-border-radius:15px 15px 15px 15px;--awb-inner-bg-overflow:hidden;--awb-transform:scaleX(0.98) scaleY(0.98);--awb-transform-hover:scaleX(1.00) scaleY(1.00);--awb-flex-grow:0;--awb-flex-shrink:0;--awb-flex-grow-medium:0;--awb-flex-shrink-medium:0;--awb-flex-grow-small:0;--awb-flex-shrink-small:0;\"><span class=\"fusion-column-inner-bg hover-type-none\"><a class=\"fusion-column-anchor\" href=\"https:\/\/www.vinculacion.utalca.cl\/index.php\/2026\/04\/10\/fondo-concursable-impulsa-vinculacion-estudiantil\/\" rel=\"noopener noreferrer\" target=\"_blank\"><span class=\"fusion-column-inner-bg-image\"><\/span><\/a><\/span><div class=\"fusion-column-wrapper fusion-flex-justify-content-flex-start fusion-content-layout-column\"><div class=\"fusion-builder-row fusion-builder-row-inner fusion-row fusion-flex-align-items-flex-start fusion-flex-content-wrap\" style=\"--awb-flex-grow:0;--awb-flex-grow-medium:0;--awb-flex-grow-small:0;--awb-flex-shrink:0;--awb-flex-shrink-medium:0;--awb-flex-shrink-small:0;width:104% !important;max-width:104% !important;margin-left: calc(-4% \/ 2 );margin-right: calc(-4% \/ 2 );\"><div class=\"fusion-layout-column fusion_builder_column_inner fusion-builder-nested-column-0 fusion_builder_column_inner_1_1 1_1 fusion-flex-column\" style=\"--awb-overflow:hidden;--awb-bg-size:cover;--awb-border-radius:10px 10px 10px 10px;--awb-width-large:100%;--awb-margin-top-large:0px;--awb-spacing-right-large:1.92%;--awb-margin-bottom-large:10px;--awb-spacing-left-large:1.92%;--awb-width-medium:100%;--awb-order-medium:0;--awb-spacing-right-medium:1.92%;--awb-spacing-left-medium:1.92%;--awb-width-small:100%;--awb-order-small:0;--awb-spacing-right-small:1.92%;--awb-spacing-left-small:1.92%;\"><div class=\"fusion-column-wrapper lazyload fusion-column-has-shadow fusion-flex-justify-content-flex-start fusion-content-layout-column fusion-column-has-bg-image\" data-bg-url=\"https:\/\/www.vinculacion.utalca.cl\/wp-content\/uploads\/2026\/04\/imagen_2026-04-17_161322957.png\" data-bg=\"https:\/\/www.vinculacion.utalca.cl\/wp-content\/uploads\/2026\/04\/imagen_2026-04-17_161322957.png\"><div class=\"fusion-separator fusion-full-width-sep\" style=\"align-self: center;margin-left: auto;margin-right: auto;margin-bottom:100px;width:100%;\"><\/div><\/div><\/div><\/div><div class=\"fusion-separator fusion-full-width-sep\" style=\"align-self: center;margin-left: auto;margin-right: auto;flex-grow:1;width:100%;\"><\/div><div class=\"fusion-title title fusion-title-1 fusion-sep-none fusion-title-text fusion-title-size-four\" style=\"--awb-text-color:var(--awb-color7);--awb-margin-bottom:10px;--awb-margin-left:-2px;--awb-margin-top-small:10px;--awb-margin-right-small:0px;--awb-margin-bottom-small:10px;--awb-margin-left-small:0px;--awb-font-size:17px;\"><h4 class=\"fusion-title-heading title-heading-left fusion-responsive-typography-calculated\" style=\"font-family:&quot;Montserrat&quot;;font-style:normal;font-weight:600;margin:0;text-transform:none;font-size:1em;--fontSize:17;--minFontSize:17;line-height:1.06;\">Fondo concursable impulsa vinculaci\u00f3n estudiantil<\/h4><\/div><div class=\"fusion-separator fusion-full-width-sep\" style=\"align-self: center;margin-left: auto;margin-right: auto;margin-bottom:10px;width:100%;\"><div class=\"fusion-separator-border sep-single\" style=\"--awb-height:20px;--awb-amount:20px;--awb-sep-color:var(--awb-color6);border-color:var(--awb-color6);border-top-width:1px;\"><\/div><\/div><div class=\"fusion-text fusion-text-4 fusion-text-no-margin\" style=\"--awb-content-alignment:left;--awb-font-size:12px;--awb-line-height:1.2;--awb-letter-spacing:0px;--awb-text-transform:var(--awb-typography5-text-transform);--awb-text-color:var(--awb-color7);--awb-margin-bottom:0px;--awb-text-font-family:&quot;Montserrat&quot;;--awb-text-font-style:normal;--awb-text-font-weight:400;\"><p>Publicado el 10 abril, 2026<\/p>\n<\/div><\/div><\/li>\n<li class=\"fusion-layout-column fusion_builder_column fusion-builder-column-4 fusion-flex-column fusion-column-inner-bg-wrapper post-card fusion-grid-column fusion-post-cards-grid-column\" style=\"--awb-padding-right:25px;--awb-padding-bottom:25px;--awb-padding-left:5px;--awb-overflow:hidden;--awb-inner-bg-color:#ffffff;--awb-inner-bg-color-hover:#ffffff;--awb-inner-bg-size:cover;--awb-border-radius:15px 15px 15px 15px;--awb-inner-bg-border-radius:15px 15px 15px 15px;--awb-inner-bg-overflow:hidden;--awb-transform:scaleX(0.98) scaleY(0.98);--awb-transform-hover:scaleX(1.00) scaleY(1.00);--awb-flex-grow:0;--awb-flex-shrink:0;--awb-flex-grow-medium:0;--awb-flex-shrink-medium:0;--awb-flex-grow-small:0;--awb-flex-shrink-small:0;\"><span class=\"fusion-column-inner-bg hover-type-none\"><a class=\"fusion-column-anchor\" href=\"https:\/\/www.vinculacion.utalca.cl\/index.php\/2026\/03\/16\/nueva-convocatoria-de-talleres-gratuitos-de-ciencia-y-tecnologia-para-escolares\/\" rel=\"noopener noreferrer\" target=\"_blank\"><span class=\"fusion-column-inner-bg-image\"><\/span><\/a><\/span><div class=\"fusion-column-wrapper fusion-flex-justify-content-flex-start fusion-content-layout-column\"><div class=\"fusion-builder-row fusion-builder-row-inner fusion-row fusion-flex-align-items-flex-start fusion-flex-content-wrap\" style=\"--awb-flex-grow:0;--awb-flex-grow-medium:0;--awb-flex-grow-small:0;--awb-flex-shrink:0;--awb-flex-shrink-medium:0;--awb-flex-shrink-small:0;width:104% !important;max-width:104% !important;margin-left: calc(-4% \/ 2 );margin-right: calc(-4% \/ 2 );\"><div class=\"fusion-layout-column fusion_builder_column_inner fusion-builder-nested-column-1 fusion_builder_column_inner_1_1 1_1 fusion-flex-column\" style=\"--awb-overflow:hidden;--awb-bg-size:cover;--awb-border-radius:10px 10px 10px 10px;--awb-width-large:100%;--awb-margin-top-large:0px;--awb-spacing-right-large:1.92%;--awb-margin-bottom-large:10px;--awb-spacing-left-large:1.92%;--awb-width-medium:100%;--awb-order-medium:0;--awb-spacing-right-medium:1.92%;--awb-spacing-left-medium:1.92%;--awb-width-small:100%;--awb-order-small:0;--awb-spacing-right-small:1.92%;--awb-spacing-left-small:1.92%;\"><div class=\"fusion-column-wrapper lazyload fusion-column-has-shadow fusion-flex-justify-content-flex-start fusion-content-layout-column fusion-column-has-bg-image\" data-bg-url=\"https:\/\/www.vinculacion.utalca.cl\/wp-content\/uploads\/2026\/03\/IMG_2859-scaled.jpg\" data-bg=\"https:\/\/www.vinculacion.utalca.cl\/wp-content\/uploads\/2026\/03\/IMG_2859-scaled.jpg\"><div class=\"fusion-separator fusion-full-width-sep\" style=\"align-self: center;margin-left: auto;margin-right: auto;margin-bottom:100px;width:100%;\"><\/div><\/div><\/div><\/div><div class=\"fusion-separator fusion-full-width-sep\" style=\"align-self: center;margin-left: auto;margin-right: auto;flex-grow:1;width:100%;\"><\/div><div class=\"fusion-title title fusion-title-2 fusion-sep-none fusion-title-text fusion-title-size-four\" style=\"--awb-text-color:var(--awb-color7);--awb-margin-bottom:10px;--awb-margin-left:-2px;--awb-margin-top-small:10px;--awb-margin-right-small:0px;--awb-margin-bottom-small:10px;--awb-margin-left-small:0px;--awb-font-size:17px;\"><h4 class=\"fusion-title-heading title-heading-left fusion-responsive-typography-calculated\" style=\"font-family:&quot;Montserrat&quot;;font-style:normal;font-weight:600;margin:0;text-transform:none;font-size:1em;--fontSize:17;--minFontSize:17;line-height:1.06;\">Nueva convocatoria de talleres gratuitos de ciencia y tecnolog\u00eda para escolares<\/h4><\/div><div class=\"fusion-separator fusion-full-width-sep\" style=\"align-self: center;margin-left: auto;margin-right: auto;margin-bottom:10px;width:100%;\"><div class=\"fusion-separator-border sep-single\" style=\"--awb-height:20px;--awb-amount:20px;--awb-sep-color:var(--awb-color6);border-color:var(--awb-color6);border-top-width:1px;\"><\/div><\/div><div class=\"fusion-text fusion-text-5 fusion-text-no-margin\" style=\"--awb-content-alignment:left;--awb-font-size:12px;--awb-line-height:1.2;--awb-letter-spacing:0px;--awb-text-transform:var(--awb-typography5-text-transform);--awb-text-color:var(--awb-color7);--awb-margin-bottom:0px;--awb-text-font-family:&quot;Montserrat&quot;;--awb-text-font-style:normal;--awb-text-font-weight:400;\"><p>Publicado el 16 marzo, 2026<\/p>\n<\/div><\/div><\/li>\n<li class=\"fusion-layout-column fusion_builder_column fusion-builder-column-5 fusion-flex-column fusion-column-inner-bg-wrapper post-card fusion-grid-column fusion-post-cards-grid-column\" style=\"--awb-padding-right:25px;--awb-padding-bottom:25px;--awb-padding-left:5px;--awb-overflow:hidden;--awb-inner-bg-color:#ffffff;--awb-inner-bg-color-hover:#ffffff;--awb-inner-bg-size:cover;--awb-border-radius:15px 15px 15px 15px;--awb-inner-bg-border-radius:15px 15px 15px 15px;--awb-inner-bg-overflow:hidden;--awb-transform:scaleX(0.98) scaleY(0.98);--awb-transform-hover:scaleX(1.00) scaleY(1.00);--awb-flex-grow:0;--awb-flex-shrink:0;--awb-flex-grow-medium:0;--awb-flex-shrink-medium:0;--awb-flex-grow-small:0;--awb-flex-shrink-small:0;\"><span class=\"fusion-column-inner-bg hover-type-none\"><a class=\"fusion-column-anchor\" href=\"https:\/\/www.vinculacion.utalca.cl\/index.php\/2026\/02\/20\/campamento-fortalece-la-educacion-indagatoria-de-docentes-del-maule\/\" rel=\"noopener noreferrer\" target=\"_blank\"><span class=\"fusion-column-inner-bg-image\"><\/span><\/a><\/span><div class=\"fusion-column-wrapper fusion-flex-justify-content-flex-start fusion-content-layout-column\"><div class=\"fusion-builder-row fusion-builder-row-inner fusion-row fusion-flex-align-items-flex-start fusion-flex-content-wrap\" style=\"--awb-flex-grow:0;--awb-flex-grow-medium:0;--awb-flex-grow-small:0;--awb-flex-shrink:0;--awb-flex-shrink-medium:0;--awb-flex-shrink-small:0;width:104% !important;max-width:104% !important;margin-left: calc(-4% \/ 2 );margin-right: calc(-4% \/ 2 );\"><div class=\"fusion-layout-column fusion_builder_column_inner fusion-builder-nested-column-2 fusion_builder_column_inner_1_1 1_1 fusion-flex-column\" style=\"--awb-overflow:hidden;--awb-bg-size:cover;--awb-border-radius:10px 10px 10px 10px;--awb-width-large:100%;--awb-margin-top-large:0px;--awb-spacing-right-large:1.92%;--awb-margin-bottom-large:10px;--awb-spacing-left-large:1.92%;--awb-width-medium:100%;--awb-order-medium:0;--awb-spacing-right-medium:1.92%;--awb-spacing-left-medium:1.92%;--awb-width-small:100%;--awb-order-small:0;--awb-spacing-right-small:1.92%;--awb-spacing-left-small:1.92%;\"><div class=\"fusion-column-wrapper lazyload fusion-column-has-shadow fusion-flex-justify-content-flex-start fusion-content-layout-column fusion-column-has-bg-image\" data-bg-url=\"https:\/\/www.vinculacion.utalca.cl\/wp-content\/uploads\/2026\/03\/imagen_2026-03-04_090601172.png\" data-bg=\"https:\/\/www.vinculacion.utalca.cl\/wp-content\/uploads\/2026\/03\/imagen_2026-03-04_090601172.png\"><div class=\"fusion-separator fusion-full-width-sep\" style=\"align-self: center;margin-left: auto;margin-right: auto;margin-bottom:100px;width:100%;\"><\/div><\/div><\/div><\/div><div class=\"fusion-separator fusion-full-width-sep\" style=\"align-self: center;margin-left: auto;margin-right: auto;flex-grow:1;width:100%;\"><\/div><div class=\"fusion-title title fusion-title-3 fusion-sep-none fusion-title-text fusion-title-size-four\" style=\"--awb-text-color:var(--awb-color7);--awb-margin-bottom:10px;--awb-margin-left:-2px;--awb-margin-top-small:10px;--awb-margin-right-small:0px;--awb-margin-bottom-small:10px;--awb-margin-left-small:0px;--awb-font-size:17px;\"><h4 class=\"fusion-title-heading title-heading-left fusion-responsive-typography-calculated\" style=\"font-family:&quot;Montserrat&quot;;font-style:normal;font-weight:600;margin:0;text-transform:none;font-size:1em;--fontSize:17;--minFontSize:17;line-height:1.06;\">Campamento fortalece la educaci\u00f3n indagatoria de docentes del Maule<\/h4><\/div><div class=\"fusion-separator fusion-full-width-sep\" style=\"align-self: center;margin-left: auto;margin-right: auto;margin-bottom:10px;width:100%;\"><div class=\"fusion-separator-border sep-single\" style=\"--awb-height:20px;--awb-amount:20px;--awb-sep-color:var(--awb-color6);border-color:var(--awb-color6);border-top-width:1px;\"><\/div><\/div><div class=\"fusion-text fusion-text-6 fusion-text-no-margin\" style=\"--awb-content-alignment:left;--awb-font-size:12px;--awb-line-height:1.2;--awb-letter-spacing:0px;--awb-text-transform:var(--awb-typography5-text-transform);--awb-text-color:var(--awb-color7);--awb-margin-bottom:0px;--awb-text-font-family:&quot;Montserrat&quot;;--awb-text-font-style:normal;--awb-text-font-weight:400;\"><p>Publicado el 20 febrero, 2026<\/p>\n<\/div><\/div><\/li>\n<li class=\"fusion-layout-column fusion_builder_column fusion-builder-column-6 fusion-flex-column fusion-column-inner-bg-wrapper post-card fusion-grid-column fusion-post-cards-grid-column\" style=\"--awb-padding-right:25px;--awb-padding-bottom:25px;--awb-padding-left:5px;--awb-overflow:hidden;--awb-inner-bg-color:#ffffff;--awb-inner-bg-color-hover:#ffffff;--awb-inner-bg-size:cover;--awb-border-radius:15px 15px 15px 15px;--awb-inner-bg-border-radius:15px 15px 15px 15px;--awb-inner-bg-overflow:hidden;--awb-transform:scaleX(0.98) scaleY(0.98);--awb-transform-hover:scaleX(1.00) scaleY(1.00);--awb-flex-grow:0;--awb-flex-shrink:0;--awb-flex-grow-medium:0;--awb-flex-shrink-medium:0;--awb-flex-grow-small:0;--awb-flex-shrink-small:0;\"><span class=\"fusion-column-inner-bg hover-type-none\"><a class=\"fusion-column-anchor\" href=\"https:\/\/www.vinculacion.utalca.cl\/index.php\/2026\/02\/10\/profesores-exploran-el-juego-como-lenguaje-para-comunicar-ciencia\/\" rel=\"noopener noreferrer\" target=\"_blank\"><span class=\"fusion-column-inner-bg-image\"><\/span><\/a><\/span><div class=\"fusion-column-wrapper fusion-flex-justify-content-flex-start fusion-content-layout-column\"><div class=\"fusion-builder-row fusion-builder-row-inner fusion-row fusion-flex-align-items-flex-start fusion-flex-content-wrap\" style=\"--awb-flex-grow:0;--awb-flex-grow-medium:0;--awb-flex-grow-small:0;--awb-flex-shrink:0;--awb-flex-shrink-medium:0;--awb-flex-shrink-small:0;width:104% !important;max-width:104% !important;margin-left: calc(-4% \/ 2 );margin-right: calc(-4% \/ 2 );\"><div class=\"fusion-layout-column fusion_builder_column_inner fusion-builder-nested-column-3 fusion_builder_column_inner_1_1 1_1 fusion-flex-column\" style=\"--awb-overflow:hidden;--awb-bg-size:cover;--awb-border-radius:10px 10px 10px 10px;--awb-width-large:100%;--awb-margin-top-large:0px;--awb-spacing-right-large:1.92%;--awb-margin-bottom-large:10px;--awb-spacing-left-large:1.92%;--awb-width-medium:100%;--awb-order-medium:0;--awb-spacing-right-medium:1.92%;--awb-spacing-left-medium:1.92%;--awb-width-small:100%;--awb-order-small:0;--awb-spacing-right-small:1.92%;--awb-spacing-left-small:1.92%;\"><div class=\"fusion-column-wrapper lazyload fusion-column-has-shadow fusion-flex-justify-content-flex-start fusion-content-layout-column fusion-column-has-bg-image\" data-bg-url=\"https:\/\/www.vinculacion.utalca.cl\/wp-content\/uploads\/2026\/03\/imagen_2026-03-04_090143391.png\" data-bg=\"https:\/\/www.vinculacion.utalca.cl\/wp-content\/uploads\/2026\/03\/imagen_2026-03-04_090143391.png\"><div class=\"fusion-separator fusion-full-width-sep\" style=\"align-self: center;margin-left: auto;margin-right: auto;margin-bottom:100px;width:100%;\"><\/div><\/div><\/div><\/div><div class=\"fusion-separator fusion-full-width-sep\" style=\"align-self: center;margin-left: auto;margin-right: auto;flex-grow:1;width:100%;\"><\/div><div class=\"fusion-title title fusion-title-4 fusion-sep-none fusion-title-text fusion-title-size-four\" style=\"--awb-text-color:var(--awb-color7);--awb-margin-bottom:10px;--awb-margin-left:-2px;--awb-margin-top-small:10px;--awb-margin-right-small:0px;--awb-margin-bottom-small:10px;--awb-margin-left-small:0px;--awb-font-size:17px;\"><h4 class=\"fusion-title-heading title-heading-left fusion-responsive-typography-calculated\" style=\"font-family:&quot;Montserrat&quot;;font-style:normal;font-weight:600;margin:0;text-transform:none;font-size:1em;--fontSize:17;--minFontSize:17;line-height:1.06;\">Profesores exploran el juego como lenguaje para comunicar ciencia<\/h4><\/div><div class=\"fusion-separator fusion-full-width-sep\" style=\"align-self: center;margin-left: auto;margin-right: auto;margin-bottom:10px;width:100%;\"><div class=\"fusion-separator-border sep-single\" style=\"--awb-height:20px;--awb-amount:20px;--awb-sep-color:var(--awb-color6);border-color:var(--awb-color6);border-top-width:1px;\"><\/div><\/div><div class=\"fusion-text fusion-text-7 fusion-text-no-margin\" style=\"--awb-content-alignment:left;--awb-font-size:12px;--awb-line-height:1.2;--awb-letter-spacing:0px;--awb-text-transform:var(--awb-typography5-text-transform);--awb-text-color:var(--awb-color7);--awb-margin-bottom:0px;--awb-text-font-family:&quot;Montserrat&quot;;--awb-text-font-style:normal;--awb-text-font-weight:400;\"><p>Publicado el 10 febrero, 2026<\/p>\n<\/div><\/div><\/li>\n<li class=\"fusion-layout-column fusion_builder_column fusion-builder-column-7 fusion-flex-column fusion-column-inner-bg-wrapper post-card fusion-grid-column fusion-post-cards-grid-column\" style=\"--awb-padding-right:25px;--awb-padding-bottom:25px;--awb-padding-left:5px;--awb-overflow:hidden;--awb-inner-bg-color:#ffffff;--awb-inner-bg-color-hover:#ffffff;--awb-inner-bg-size:cover;--awb-border-radius:15px 15px 15px 15px;--awb-inner-bg-border-radius:15px 15px 15px 15px;--awb-inner-bg-overflow:hidden;--awb-transform:scaleX(0.98) scaleY(0.98);--awb-transform-hover:scaleX(1.00) scaleY(1.00);--awb-flex-grow:0;--awb-flex-shrink:0;--awb-flex-grow-medium:0;--awb-flex-shrink-medium:0;--awb-flex-grow-small:0;--awb-flex-shrink-small:0;\"><span class=\"fusion-column-inner-bg hover-type-none\"><a class=\"fusion-column-anchor\" href=\"https:\/\/www.vinculacion.utalca.cl\/index.php\/2026\/01\/26\/utalca-fortalece-la-equidad-con-adjudicacion-ines-genero\/\" rel=\"noopener noreferrer\" target=\"_blank\"><span class=\"fusion-column-inner-bg-image\"><\/span><\/a><\/span><div class=\"fusion-column-wrapper fusion-flex-justify-content-flex-start fusion-content-layout-column\"><div class=\"fusion-builder-row fusion-builder-row-inner fusion-row fusion-flex-align-items-flex-start fusion-flex-content-wrap\" style=\"--awb-flex-grow:0;--awb-flex-grow-medium:0;--awb-flex-grow-small:0;--awb-flex-shrink:0;--awb-flex-shrink-medium:0;--awb-flex-shrink-small:0;width:104% !important;max-width:104% !important;margin-left: calc(-4% \/ 2 );margin-right: calc(-4% \/ 2 );\"><div class=\"fusion-layout-column fusion_builder_column_inner fusion-builder-nested-column-4 fusion_builder_column_inner_1_1 1_1 fusion-flex-column\" style=\"--awb-overflow:hidden;--awb-bg-size:cover;--awb-border-radius:10px 10px 10px 10px;--awb-width-large:100%;--awb-margin-top-large:0px;--awb-spacing-right-large:1.92%;--awb-margin-bottom-large:10px;--awb-spacing-left-large:1.92%;--awb-width-medium:100%;--awb-order-medium:0;--awb-spacing-right-medium:1.92%;--awb-spacing-left-medium:1.92%;--awb-width-small:100%;--awb-order-small:0;--awb-spacing-right-small:1.92%;--awb-spacing-left-small:1.92%;\"><div class=\"fusion-column-wrapper lazyload fusion-column-has-shadow fusion-flex-justify-content-flex-start fusion-content-layout-column fusion-column-has-bg-image\" data-bg-url=\"https:\/\/www.vinculacion.utalca.cl\/wp-content\/uploads\/2026\/03\/imagen_2026-03-04_085755420.png\" data-bg=\"https:\/\/www.vinculacion.utalca.cl\/wp-content\/uploads\/2026\/03\/imagen_2026-03-04_085755420.png\"><div class=\"fusion-separator fusion-full-width-sep\" style=\"align-self: center;margin-left: auto;margin-right: auto;margin-bottom:100px;width:100%;\"><\/div><\/div><\/div><\/div><div class=\"fusion-separator fusion-full-width-sep\" style=\"align-self: center;margin-left: auto;margin-right: auto;flex-grow:1;width:100%;\"><\/div><div class=\"fusion-title title fusion-title-5 fusion-sep-none fusion-title-text fusion-title-size-four\" style=\"--awb-text-color:var(--awb-color7);--awb-margin-bottom:10px;--awb-margin-left:-2px;--awb-margin-top-small:10px;--awb-margin-right-small:0px;--awb-margin-bottom-small:10px;--awb-margin-left-small:0px;--awb-font-size:17px;\"><h4 class=\"fusion-title-heading title-heading-left fusion-responsive-typography-calculated\" style=\"font-family:&quot;Montserrat&quot;;font-style:normal;font-weight:600;margin:0;text-transform:none;font-size:1em;--fontSize:17;--minFontSize:17;line-height:1.06;\">UTalca fortalece la equidad con adjudicaci\u00f3n InES G\u00e9nero<\/h4><\/div><div class=\"fusion-separator fusion-full-width-sep\" style=\"align-self: center;margin-left: auto;margin-right: auto;margin-bottom:10px;width:100%;\"><div class=\"fusion-separator-border sep-single\" style=\"--awb-height:20px;--awb-amount:20px;--awb-sep-color:var(--awb-color6);border-color:var(--awb-color6);border-top-width:1px;\"><\/div><\/div><div class=\"fusion-text fusion-text-8 fusion-text-no-margin\" style=\"--awb-content-alignment:left;--awb-font-size:12px;--awb-line-height:1.2;--awb-letter-spacing:0px;--awb-text-transform:var(--awb-typography5-text-transform);--awb-text-color:var(--awb-color7);--awb-margin-bottom:0px;--awb-text-font-family:&quot;Montserrat&quot;;--awb-text-font-style:normal;--awb-text-font-weight:400;\"><p>Publicado el 26 enero, 2026<\/p>\n<\/div><\/div><\/li>\n<\/ul><\/div><\/div><\/div><div class=\"fusion-layout-column fusion_builder_column fusion-builder-column-8 fusion_builder_column_1_1 1_1 fusion-flex-column\" style=\"--awb-bg-size:cover;--awb-width-large:100%;--awb-flex-grow:0;--awb-flex-shrink:0;--awb-margin-top-large:0px;--awb-spacing-right-large:1.92%;--awb-margin-bottom-large:0px;--awb-spacing-left-large:1.92%;--awb-width-medium:100%;--awb-order-medium:0;--awb-flex-grow-medium:0;--awb-flex-shrink-medium:0;--awb-spacing-right-medium:1.92%;--awb-spacing-left-medium:1.92%;--awb-width-small:100%;--awb-order-small:0;--awb-flex-grow-small:0;--awb-flex-shrink-small:0;--awb-spacing-right-small:1.92%;--awb-spacing-left-small:1.92%;\"><div class=\"fusion-column-wrapper lazyload fusion-column-has-shadow fusion-flex-justify-content-flex-start fusion-content-layout-column fusion-column-has-bg-image\" data-bg-url=\"https:\/\/www.vinculacion.utalca.cl\/wp-content\/uploads\/2025\/07\/fondo-redes-vcm-scaled.jpg\" data-bg=\"https:\/\/www.vinculacion.utalca.cl\/wp-content\/uploads\/2025\/07\/fondo-redes-vcm-scaled.jpg\"><div class=\"fusion-text fusion-text-9 fusion-text-no-margin\" style=\"--awb-margin-top:10px;--awb-margin-right:0px;--awb-margin-bottom:10px;--awb-margin-left:0px;\"><p style=\"font-size: 20px; font-family: Montserrat; font-weight: 500; text-align: center;\" data-fusion-font=\"true\" data-fusion-google-font=\"Montserrat\" data-fusion-google-variant=\"500\"><span style=\"font-family: Montserrat; font-weight: bold; color: #ffffff; font-size: 18px;\" data-fusion-font=\"true\" data-fusion-google-font=\"Montserrat\" data-fusion-google-variant=\"700\">Leer+<\/span><span style=\"color: #ffffff; font-size: 18px;\" data-fusion-font=\"true\"> Vinculaci\u00f3n<\/span><\/p>\n<\/div><\/div><\/div><\/div><\/div>\n","protected":false},"excerpt":{"rendered":"","protected":false},"author":11,"featured_media":16897,"comment_status":"open","ping_status":"open","sticky":false,"template":"","format":"standard","meta":{"footnotes":""},"categories":[118,59],"tags":[],"class_list":["post-13663","post","type-post","status-publish","format-standard","has-post-thumbnail","hentry","category-todas","category-vinculacion"],"_links":{"self":[{"href":"https:\/\/www.vinculacion.utalca.cl\/index.php\/wp-json\/wp\/v2\/posts\/13663","targetHints":{"allow":["GET"]}}],"collection":[{"href":"https:\/\/www.vinculacion.utalca.cl\/index.php\/wp-json\/wp\/v2\/posts"}],"about":[{"href":"https:\/\/www.vinculacion.utalca.cl\/index.php\/wp-json\/wp\/v2\/types\/post"}],"author":[{"embeddable":true,"href":"https:\/\/www.vinculacion.utalca.cl\/index.php\/wp-json\/wp\/v2\/users\/11"}],"replies":[{"embeddable":true,"href":"https:\/\/www.vinculacion.utalca.cl\/index.php\/wp-json\/wp\/v2\/comments?post=13663"}],"version-history":[{"count":1,"href":"https:\/\/www.vinculacion.utalca.cl\/index.php\/wp-json\/wp\/v2\/posts\/13663\/revisions"}],"predecessor-version":[{"id":18495,"href":"https:\/\/www.vinculacion.utalca.cl\/index.php\/wp-json\/wp\/v2\/posts\/13663\/revisions\/18495"}],"wp:featuredmedia":[{"embeddable":true,"href":"https:\/\/www.vinculacion.utalca.cl\/index.php\/wp-json\/wp\/v2\/media\/16897"}],"wp:attachment":[{"href":"https:\/\/www.vinculacion.utalca.cl\/index.php\/wp-json\/wp\/v2\/media?parent=13663"}],"wp:term":[{"taxonomy":"category","embeddable":true,"href":"https:\/\/www.vinculacion.utalca.cl\/index.php\/wp-json\/wp\/v2\/categories?post=13663"},{"taxonomy":"post_tag","embeddable":true,"href":"https:\/\/www.vinculacion.utalca.cl\/index.php\/wp-json\/wp\/v2\/tags?post=13663"}],"curies":[{"name":"wp","href":"https:\/\/api.w.org\/{rel}","templated":true}]}}