{"id":7241,"date":"2023-11-09T16:33:01","date_gmt":"2023-11-09T19:33:01","guid":{"rendered":"https:\/\/www.vinculacion.utalca.cl\/?p=7241"},"modified":"2026-01-20T13:24:17","modified_gmt":"2026-01-20T16:24:17","slug":"estudiante-de-arquitectura-crea-modulo-de-entrenamiento-para-cuartel-de-bomberos","status":"publish","type":"post","link":"https:\/\/www.vinculacion.utalca.cl\/index.php\/2023\/11\/09\/estudiante-de-arquitectura-crea-modulo-de-entrenamiento-para-cuartel-de-bomberos\/","title":{"rendered":"Estudiante de Arquitectura crea m\u00f3dulo de entrenamiento para Cuartel de Bomberos"},"content":{"rendered":"<div class=\"fusion-fullwidth fullwidth-box fusion-builder-row-1 fusion-flex-container has-pattern-background has-mask-background hundred-percent-fullwidth non-hundred-percent-height-scrolling\" style=\"--awb-border-radius-top-left:0px;--awb-border-radius-top-right:0px;--awb-border-radius-bottom-right:0px;--awb-border-radius-bottom-left:0px;--awb-padding-left:0px;--awb-padding-top-small:0px;--awb-padding-right-small:0px;--awb-padding-left-small:0px;--awb-margin-top:72px;--awb-background-color:#ffffff;--awb-flex-wrap:wrap;\" ><div class=\"fusion-builder-row fusion-row fusion-flex-align-items-flex-start fusion-flex-content-wrap\" style=\"width:104% !important;max-width:104% !important;margin-left: calc(-4% \/ 2 );margin-right: calc(-4% \/ 2 );\"><div class=\"fusion-layout-column fusion_builder_column fusion-builder-column-0 fusion_builder_column_1_1 1_1 fusion-flex-column fusion-flex-align-self-flex-start\" style=\"--awb-padding-top:270px;--awb-padding-right:650px;--awb-padding-bottom:10px;--awb-padding-left:73px;--awb-padding-top-small:85px;--awb-padding-right-small:54px;--awb-padding-left-small:28px;--awb-overflow:hidden;--awb-bg-color:#000000;--awb-bg-color-hover:#000000;--awb-bg-image:linear-gradient(180deg, rgba(0,0,0,0) 0%,rgba(0,0,0,0.62) 100%);;--awb-bg-position:center center;--awb-bg-size:cover;--awb-border-radius:0px 0px 50px 50px;--awb-width-large:100%;--awb-margin-top-large:0px;--awb-spacing-right-large:0%;--awb-margin-bottom-large:0px;--awb-spacing-left-large:0%;--awb-width-medium:100%;--awb-order-medium:0;--awb-spacing-right-medium:1.92%;--awb-spacing-left-medium:1.92%;--awb-width-small:100%;--awb-order-small:0;--awb-spacing-right-small:1.92%;--awb-spacing-left-small:1.92%;\"><div class=\"fusion-column-wrapper lazyload fusion-column-has-shadow fusion-flex-justify-content-space-around fusion-content-layout-column fusion-column-has-bg-image\" data-bg-url=\"https:\/\/www.vinculacion.utalca.cl\/wp-content\/uploads\/2025\/07\/imagen_2025-07-31_153416691.png\" data-bg=\"https:\/\/www.vinculacion.utalca.cl\/wp-content\/uploads\/2025\/07\/imagen_2025-07-31_153416691.png\" data-bg-gradient=\"linear-gradient(180deg, rgba(0,0,0,0) 0%,rgba(0,0,0,0.62) 100%)\"><div style=\"text-align:left;\"><a class=\"fusion-button button-flat button-small button-custom fusion-button-default button-1 fusion-button-span-no fusion-button-default-type\" style=\"--awb-margin-bottom:20px;--button_accent_color:#ffffff;--button_border_color:var(--awb-color6);--button_accent_hover_color:#000000;--button_border_hover_color:#e2e2e2;--button_gradient_top_color:var(--awb-color6);--button_gradient_bottom_color:var(--awb-color6);--button_gradient_top_color_hover:#ffffff;--button_gradient_bottom_color_hover:#ffffff;\" target=\"_self\"><span class=\"fusion-button-text awb-button__text awb-button__text--default\"><b>VINCULACI\u00d3N<\/b><\/span><\/a><\/div><div class=\"fusion-text fusion-text-1\"><h2 class=\"fusion-responsive-typography-calculated\" style=\"font-size: 31px; color: #ffffff; font-family: Montserrat; font-weight: 600; --fontsize: 31; line-height: 1.2;\" data-fusion-font=\"true\" data-fusion-google-font=\"Montserrat\" data-fusion-google-variant=\"600\" data-fontsize=\"31\" data-lineheight=\"37.2px\">Estudiante de Arquitectura crea m\u00f3dulo de entrenamiento para Cuartel de Bomberos<\/h2>\n<\/div><\/div><\/div><div class=\"fusion-layout-column fusion_builder_column fusion-builder-column-1 fusion_builder_column_2_3 2_3 fusion-flex-column\" style=\"--awb-bg-size:cover;--awb-width-large:66.666666666667%;--awb-margin-top-large:55px;--awb-spacing-right-large:2.88%;--awb-margin-bottom-large:58px;--awb-spacing-left-large:75px;--awb-width-medium:100%;--awb-order-medium:0;--awb-spacing-right-medium:1.92%;--awb-spacing-left-medium:1.92%;--awb-width-small:100%;--awb-order-small:0;--awb-spacing-right-small:8.64%;--awb-spacing-left-small:8.736%;\"><div class=\"fusion-column-wrapper fusion-column-has-shadow fusion-flex-justify-content-flex-start fusion-content-layout-column\"><div class=\"fusion-text fusion-text-2\"><p style=\"font-size: 18px; line-height: 22px; font-family: Montserrat; font-weight: 600;\" data-fusion-font=\"true\" data-fusion-google-font=\"Montserrat\" data-fusion-google-variant=\"600\">La innovadora estructura permite que los\/as voluntarios de dicha instituci\u00f3n perfeccionen sus habilidades de rescate ante distintos escenarios de cat\u00e1strofe.<\/p>\n<p style=\"font-size: 16px; line-height: 21px; font-family: Montserrat; font-weight: 500;\" data-fusion-font=\"true\" data-fusion-google-font=\"Montserrat\" data-fusion-google-variant=\"500\">9 Noviembre 2023 | Daniel P\u00e9rez Ter\u00e1n<\/p>\n<p style=\"font-size: 15px; line-height: 21px; font-family: Montserrat; font-weight: 400;\" data-fusion-font=\"true\" data-fusion-google-font=\"Montserrat\" data-fusion-google-variant=\"400\">La estudiante de la Escuela de Arquitectura, Camila Soto Hayden, pens\u00f3 en un proyecto social que fuera dirigido a alg\u00fan lugar de la periferia de la capital maulina, para cumplir con su etapa de titulaci\u00f3n y entregar un aporte \u00fatil que materializara su carrera profesional. De ah\u00ed naci\u00f3 la propuesta denominada \u201cM\u00f3dulo de entrenamiento para la Bomba Espa\u00f1a de la Quinta Compa\u00f1\u00eda de Bomberos de Maule\u201d, que fue erigida en el citado cuartel con el respaldo de la Municipalidad de esta comuna.<\/p>\n<p style=\"font-size: 15px; line-height: 21px; font-family: Montserrat; font-weight: 400;\" data-fusion-font=\"true\" data-fusion-google-font=\"Montserrat\" data-fusion-google-variant=\"400\">El m\u00f3dulo, realizado principalmente en acero y \u00fanico en sus caracter\u00edsticas en el pa\u00eds, permite que los\/as voluntarios\/as de Bomberos puedan realizar ejercicios simulados en accesos con entrada forzada, ventilaci\u00f3n t\u00e1ctica, ejecuci\u00f3n de labores en espacios confinados y entrenamientos para el rescate en altura.<\/p>\n<p style=\"font-size: 15px; line-height: 21px; font-family: Montserrat; font-weight: 400;\" data-fusion-font=\"true\" data-fusion-google-font=\"Montserrat\" data-fusion-google-variant=\"400\">\u201cEl proyecto, que forma parte de mi tesis sobre un estudio en la periferia de Talca, surge de una motivaci\u00f3n personal de realizar una obra que sirviese a la comunidad y que no se perdiese en el tiempo\u201d, coment\u00f3 la estudiante.<\/p>\n<p style=\"font-size: 15px; line-height: 21px; font-family: Montserrat; font-weight: 400;\" data-fusion-font=\"true\" data-fusion-google-font=\"Montserrat\" data-fusion-google-variant=\"400\">\u201cDe esta obra destacar\u00eda el impulso que tendr\u00e1 la compa\u00f1\u00eda en el futuro a trav\u00e9s de un espacio donde puedan converger con distintos cuerpos de bomberos para entrenar y servir a toda la comunidad a la que prestar\u00e1n servicio\u201d, a\u00f1adi\u00f3 la joven al valorar el impacto que espera de su propuesta.<\/p>\n<p style=\"font-size: 15px; line-height: 21px; font-family: Montserrat; font-weight: 400;\" data-fusion-font=\"true\" data-fusion-google-font=\"Montserrat\" data-fusion-google-variant=\"400\">El director de la Quinta Compa\u00f1\u00eda de Bomberos de Maule, Cristian Obrador Lobos, expres\u00f3 que, \u201cnos enorgullece contar con esta obra en nuestro cuartel\u201d.<\/p>\n<p style=\"font-size: 15px; line-height: 21px; font-family: Montserrat; font-weight: 400;\" data-fusion-font=\"true\" data-fusion-google-font=\"Montserrat\" data-fusion-google-variant=\"400\">\u00abEste m\u00f3dulo es multifuncional. No s\u00f3lo esta pensado para ejercicios de incendio estructural, sino tambi\u00e9n podemos trabajar en el rescate en altura con tirolesas y practicar el trabajo de ventilaci\u00f3n para asegurar el suministro de ox\u00edgeno a las v\u00edctimas\u201d, precis\u00f3.<\/p>\n<p style=\"font-size: 15px; line-height: 21px; font-family: Montserrat; font-weight: 400;\" data-fusion-font=\"true\" data-fusion-google-font=\"Montserrat\" data-fusion-google-variant=\"400\">\u201cEsta incre\u00edble obra permite que nuestros bomberos puedan tener un servicio eficiente y eficaz durante la emergencia\u201d, finaliz\u00f3 el oficial de bomberos.<\/p>\n<p style=\"font-size: 15px; line-height: 21px; font-family: Montserrat; font-weight: 400;\" data-fusion-font=\"true\" data-fusion-google-font=\"Montserrat\" data-fusion-google-variant=\"400\">Aporte a la comunidad<\/p>\n<p style=\"font-size: 15px; line-height: 21px; font-family: Montserrat; font-weight: 400;\" data-fusion-font=\"true\" data-fusion-google-font=\"Montserrat\" data-fusion-google-variant=\"400\">El proyecto es parte del programa \u201cObra de Titulaci\u00f3n\u201d de la Escuela de Arquitectura de la Universidad de Talca, que ha sido destacada y premiada en instancias nacionales e internacionales, como la Bienal Iberoamericana de Arquitectura y urbanismo, en relaci\u00f3n al impacto que genera en las comunidades y el valor de las obras que desarrollan los estudiantes.<\/p>\n<p style=\"font-size: 15px; line-height: 21px; font-family: Montserrat; font-weight: 400;\" data-fusion-font=\"true\" data-fusion-google-font=\"Montserrat\" data-fusion-google-variant=\"400\">En total se han realizado cerca de 900 proyectos de esta naturaleza, que aportan a diversas comunidades, respondiendo problemas o necesidades del Valle Central de Chile. En ese sentido, el arquitecto y acad\u00e9mico de la Escuela, Jos\u00e9 Luis Uribe, expres\u00f3 que, \u201cesta actividad acad\u00e9mica forma parte de nuestro sello educativo. En 25 a\u00f1os la Escuela de Arquitectura ha logrado consolidar un modelo propio de ense\u00f1anza que finaliza con una obra de titulaci\u00f3n como proyecto final de carrera\u201d.<\/p>\n<p style=\"font-size: 15px; line-height: 21px; font-family: Montserrat; font-weight: 400;\" data-fusion-font=\"true\" data-fusion-google-font=\"Montserrat\" data-fusion-google-variant=\"400\">\u201cLa obra de Camila aporta al constante cuestionamiento que hacemos los\/as profesores, estudiantes y egresados respecto al proceso de titulaci\u00f3n y promueve la discusi\u00f3n sobre el aporte hacia nuestro territorio\u201d, apunt\u00f3.<\/p>\n<\/div><div ><a class=\"fusion-button button-flat fusion-button-default-size button-custom fusion-button-default button-2 fusion-button-default-span fusion-button-default-type\" style=\"--awb-margin-top:30px;--button_accent_color:var(--awb-color6);--button_border_color:var(--awb-color6);--button_accent_hover_color:#000000;--button_border_hover_color:#e2e2e2;--button-border-radius-top-left:7px;--button-border-radius-top-right:7px;--button-border-radius-bottom-right:7px;--button-border-radius-bottom-left:7px;--button_gradient_top_color:#ffffff;--button_gradient_bottom_color:#ffffff;--button_gradient_top_color_hover:#ffffff;--button_gradient_bottom_color_hover:#ffffff;--button_typography-font-family:&quot;Montserrat&quot;;--button_typography-font-style:normal;--button_typography-font-weight:400;\" target=\"_blank\" rel=\"noopener noreferrer\" href=\"https:\/\/www.utalca.cl\/noticias\/estudiante-de-arquitectura-crea-modulo-de-entrenamiento-para-cuartel-de-bomberos\"><i class=\"fa-globe fas awb-button__icon awb-button__icon--default button-icon-left\" aria-hidden=\"true\"><\/i><span class=\"fusion-button-text awb-button__text awb-button__text--default\">VER EN <b>UTALCA NOTICIAS<\/b><\/span><\/a><\/div><div ><a class=\"fusion-button button-flat fusion-button-default-size button-custom fusion-button-default button-3 fusion-button-default-span fusion-button-default-type\" style=\"--awb-margin-top:10px;--button_accent_color:var(--awb-color6);--button_border_color:var(--awb-color6);--button_accent_hover_color:#000000;--button_border_hover_color:#e2e2e2;--button-border-radius-top-left:7px;--button-border-radius-top-right:7px;--button-border-radius-bottom-right:7px;--button-border-radius-bottom-left:7px;--button_gradient_top_color:#ffffff;--button_gradient_bottom_color:#ffffff;--button_gradient_top_color_hover:#ffffff;--button_gradient_bottom_color_hover:#ffffff;--button_typography-font-family:&quot;Montserrat&quot;;--button_typography-font-style:normal;--button_typography-font-weight:400;\" target=\"_blank\" rel=\"noopener noreferrer\" href=\"https:\/\/www.vinculacion.utalca.cl\/index.php\/leer\/\"><i class=\"fa-angle-right fas awb-button__icon awb-button__icon--default button-icon-left\" aria-hidden=\"true\"><\/i><span class=\"fusion-button-text awb-button__text awb-button__text--default\"><b>LEER+<\/b> NOTICIAS<\/span><\/a><\/div><\/div><\/div><div class=\"fusion-layout-column fusion_builder_column fusion-builder-column-2 fusion_builder_column_1_3 1_3 fusion-flex-column fusion-no-small-visibility fusion-no-medium-visibility\" style=\"--awb-padding-right:49px;--awb-bg-color:rgba(255,255,255,0);--awb-bg-color-hover:rgba(255,255,255,0);--awb-bg-size:cover;--awb-width-large:33.333333333333%;--awb-margin-top-large:30px;--awb-spacing-right-large:5.76%;--awb-margin-bottom-large:0px;--awb-spacing-left-large:15.552%;--awb-width-medium:100%;--awb-order-medium:0;--awb-spacing-right-medium:1.92%;--awb-spacing-left-medium:1.92%;--awb-width-small:100%;--awb-order-small:0;--awb-spacing-right-small:1.92%;--awb-spacing-left-small:1.92%;\"><div class=\"fusion-column-wrapper fusion-column-has-shadow fusion-flex-justify-content-flex-start fusion-content-layout-column\"><div class=\"fusion-text fusion-text-3\"><p style=\"font-size: 25px; font-family: Montserrat; font-weight: 600;\" data-fusion-font=\"true\" data-fusion-google-font=\"Montserrat\" data-fusion-google-variant=\"600\">\u00daltimas <span style=\"font-family: Montserrat; font-weight: 400;\" data-fusion-font=\"true\" data-fusion-google-font=\"Montserrat\" data-fusion-google-variant=\"400\">Notas<\/span><\/p>\n<\/div><div class=\"fusion-separator fusion-full-width-sep\" style=\"align-self: center;margin-left: auto;margin-right: auto;margin-top:-20px;margin-bottom:20px;width:100%;\"><div class=\"fusion-separator-border sep-single\" style=\"--awb-height:20px;--awb-amount:20px;--awb-sep-color:var(--awb-color6);border-color:var(--awb-color6);border-top-width:3px;\"><\/div><\/div><div class=\"fusion-post-cards fusion-post-cards-1 fusion-grid-archive fusion-grid-columns-1 fusion-grid-flex-grow\" style=\"--awb-column-spacing:0px;--awb-dots-align:center;--awb-columns:1;--awb-active-filter-border-size:3px;--awb-filters-height:36px;--awb-row-spacing:0px;\" data-post-type-label=\"entradas\"><ul class=\"fusion-grid fusion-grid-1 fusion-flex-align-items-flex-start fusion-grid-posts-cards\"><li class=\"fusion-layout-column fusion_builder_column fusion-builder-column-3 fusion-flex-column fusion-column-inner-bg-wrapper post-card fusion-grid-column fusion-post-cards-grid-column\" style=\"--awb-padding-top:25px;--awb-padding-right:25px;--awb-padding-bottom:5px;--awb-padding-left:25px;--awb-overflow:hidden;--awb-inner-bg-color:rgba(249,249,249,0);--awb-inner-bg-color-hover:rgba(249,249,249,0);--awb-inner-bg-size:cover;--awb-border-radius:15px 15px 15px 15px;--awb-inner-bg-border-radius:15px 15px 15px 15px;--awb-inner-bg-overflow:hidden;--awb-transform:scaleX(0.98) scaleY(0.98);--awb-transform-hover:scaleX(1.00) scaleY(1.00);--awb-flex-grow:0;--awb-flex-shrink:0;--awb-flex-grow-medium:0;--awb-flex-shrink-medium:0;--awb-flex-grow-small:0;--awb-flex-shrink-small:0;\"><span class=\"fusion-column-inner-bg hover-type-none\"><a class=\"fusion-column-anchor\" href=\"https:\/\/www.vinculacion.utalca.cl\/index.php\/2026\/04\/10\/fondo-concursable-impulsa-vinculacion-estudiantil\/\" rel=\"noopener noreferrer\" target=\"_blank\"><span class=\"fusion-column-inner-bg-image\"><\/span><\/a><\/span><div class=\"fusion-column-wrapper fusion-flex-justify-content-flex-start fusion-content-layout-column\"><div class=\"fusion-builder-row fusion-builder-row-inner fusion-row fusion-flex-align-items-flex-start fusion-flex-content-wrap\" style=\"--awb-flex-grow:0;--awb-flex-grow-medium:0;--awb-flex-grow-small:0;--awb-flex-shrink:0;--awb-flex-shrink-medium:0;--awb-flex-shrink-small:0;width:104% !important;max-width:104% !important;margin-left: calc(-4% \/ 2 );margin-right: calc(-4% \/ 2 );\"><div class=\"fusion-layout-column fusion_builder_column_inner fusion-builder-nested-column-0 fusion_builder_column_inner_1_1 1_1 fusion-flex-column\" style=\"--awb-overflow:hidden;--awb-bg-size:cover;--awb-border-radius:10px 10px 10px 10px;--awb-width-large:100%;--awb-margin-top-large:0px;--awb-spacing-right-large:1.92%;--awb-margin-bottom-large:20px;--awb-spacing-left-large:1.92%;--awb-width-medium:100%;--awb-order-medium:0;--awb-spacing-right-medium:1.92%;--awb-spacing-left-medium:1.92%;--awb-width-small:100%;--awb-order-small:0;--awb-spacing-right-small:1.92%;--awb-spacing-left-small:1.92%;\"><div class=\"fusion-column-wrapper lazyload fusion-column-has-shadow fusion-flex-justify-content-flex-start fusion-content-layout-column fusion-column-has-bg-image\" data-bg-url=\"https:\/\/www.vinculacion.utalca.cl\/wp-content\/uploads\/2026\/04\/imagen_2026-04-17_161322957.png\" data-bg=\"https:\/\/www.vinculacion.utalca.cl\/wp-content\/uploads\/2026\/04\/imagen_2026-04-17_161322957.png\"><div class=\"fusion-separator fusion-full-width-sep\" style=\"align-self: center;margin-left: auto;margin-right: auto;flex-grow:10;margin-top:150px;width:100%;\"><\/div><\/div><\/div><\/div><div class=\"fusion-title title fusion-title-1 fusion-sep-none fusion-title-text fusion-title-size-four\" style=\"--awb-text-color:var(--awb-color7);--awb-margin-top:0px;--awb-margin-bottom:10px;--awb-margin-left:5px;--awb-margin-top-small:10px;--awb-margin-right-small:0px;--awb-margin-bottom-small:10px;--awb-margin-left-small:0px;--awb-font-size:17px;\"><h4 class=\"fusion-title-heading title-heading-left fusion-responsive-typography-calculated\" style=\"font-family:&quot;Montserrat&quot;;font-style:normal;font-weight:600;margin:0;text-transform:none;font-size:1em;--fontSize:17;--minFontSize:17;line-height:1.06;\">Fondo concursable impulsa vinculaci\u00f3n estudiantil<\/h4><\/div><div class=\"fusion-separator fusion-full-width-sep\" style=\"align-self: center;margin-left: auto;margin-right: auto;margin-bottom:10px;width:100%;\"><div class=\"fusion-separator-border sep-single\" style=\"--awb-height:20px;--awb-amount:20px;--awb-sep-color:var(--awb-color6);border-color:var(--awb-color6);border-top-width:1px;\"><\/div><\/div><div class=\"fusion-text fusion-text-4 fusion-text-no-margin\" style=\"--awb-content-alignment:left;--awb-font-size:12px;--awb-line-height:1.2;--awb-letter-spacing:0px;--awb-text-transform:var(--awb-typography5-text-transform);--awb-text-color:var(--awb-color7);--awb-margin-bottom:0px;--awb-margin-left:5px;--awb-text-font-family:&quot;Montserrat&quot;;--awb-text-font-style:normal;--awb-text-font-weight:400;\"><p>Publicado el 10 abril, 2026<\/p>\n<\/div><\/div><\/li>\n<li class=\"fusion-layout-column fusion_builder_column fusion-builder-column-4 fusion-flex-column fusion-column-inner-bg-wrapper post-card fusion-grid-column fusion-post-cards-grid-column\" style=\"--awb-padding-top:25px;--awb-padding-right:25px;--awb-padding-bottom:5px;--awb-padding-left:25px;--awb-overflow:hidden;--awb-inner-bg-color:rgba(249,249,249,0);--awb-inner-bg-color-hover:rgba(249,249,249,0);--awb-inner-bg-size:cover;--awb-border-radius:15px 15px 15px 15px;--awb-inner-bg-border-radius:15px 15px 15px 15px;--awb-inner-bg-overflow:hidden;--awb-transform:scaleX(0.98) scaleY(0.98);--awb-transform-hover:scaleX(1.00) scaleY(1.00);--awb-flex-grow:0;--awb-flex-shrink:0;--awb-flex-grow-medium:0;--awb-flex-shrink-medium:0;--awb-flex-grow-small:0;--awb-flex-shrink-small:0;\"><span class=\"fusion-column-inner-bg hover-type-none\"><a class=\"fusion-column-anchor\" href=\"https:\/\/www.vinculacion.utalca.cl\/index.php\/2026\/03\/16\/nueva-convocatoria-de-talleres-gratuitos-de-ciencia-y-tecnologia-para-escolares\/\" rel=\"noopener noreferrer\" target=\"_blank\"><span class=\"fusion-column-inner-bg-image\"><\/span><\/a><\/span><div class=\"fusion-column-wrapper fusion-flex-justify-content-flex-start fusion-content-layout-column\"><div class=\"fusion-builder-row fusion-builder-row-inner fusion-row fusion-flex-align-items-flex-start fusion-flex-content-wrap\" style=\"--awb-flex-grow:0;--awb-flex-grow-medium:0;--awb-flex-grow-small:0;--awb-flex-shrink:0;--awb-flex-shrink-medium:0;--awb-flex-shrink-small:0;width:104% !important;max-width:104% !important;margin-left: calc(-4% \/ 2 );margin-right: calc(-4% \/ 2 );\"><div class=\"fusion-layout-column fusion_builder_column_inner fusion-builder-nested-column-1 fusion_builder_column_inner_1_1 1_1 fusion-flex-column\" style=\"--awb-overflow:hidden;--awb-bg-size:cover;--awb-border-radius:10px 10px 10px 10px;--awb-width-large:100%;--awb-margin-top-large:0px;--awb-spacing-right-large:1.92%;--awb-margin-bottom-large:20px;--awb-spacing-left-large:1.92%;--awb-width-medium:100%;--awb-order-medium:0;--awb-spacing-right-medium:1.92%;--awb-spacing-left-medium:1.92%;--awb-width-small:100%;--awb-order-small:0;--awb-spacing-right-small:1.92%;--awb-spacing-left-small:1.92%;\"><div class=\"fusion-column-wrapper lazyload fusion-column-has-shadow fusion-flex-justify-content-flex-start fusion-content-layout-column fusion-column-has-bg-image\" data-bg-url=\"https:\/\/www.vinculacion.utalca.cl\/wp-content\/uploads\/2026\/03\/IMG_2859-scaled.jpg\" data-bg=\"https:\/\/www.vinculacion.utalca.cl\/wp-content\/uploads\/2026\/03\/IMG_2859-scaled.jpg\"><div class=\"fusion-separator fusion-full-width-sep\" style=\"align-self: center;margin-left: auto;margin-right: auto;flex-grow:10;margin-top:150px;width:100%;\"><\/div><\/div><\/div><\/div><div class=\"fusion-title title fusion-title-2 fusion-sep-none fusion-title-text fusion-title-size-four\" style=\"--awb-text-color:var(--awb-color7);--awb-margin-top:0px;--awb-margin-bottom:10px;--awb-margin-left:5px;--awb-margin-top-small:10px;--awb-margin-right-small:0px;--awb-margin-bottom-small:10px;--awb-margin-left-small:0px;--awb-font-size:17px;\"><h4 class=\"fusion-title-heading title-heading-left fusion-responsive-typography-calculated\" style=\"font-family:&quot;Montserrat&quot;;font-style:normal;font-weight:600;margin:0;text-transform:none;font-size:1em;--fontSize:17;--minFontSize:17;line-height:1.06;\">Nueva convocatoria de talleres gratuitos de ciencia y tecnolog\u00eda para escolares<\/h4><\/div><div class=\"fusion-separator fusion-full-width-sep\" style=\"align-self: center;margin-left: auto;margin-right: auto;margin-bottom:10px;width:100%;\"><div class=\"fusion-separator-border sep-single\" style=\"--awb-height:20px;--awb-amount:20px;--awb-sep-color:var(--awb-color6);border-color:var(--awb-color6);border-top-width:1px;\"><\/div><\/div><div class=\"fusion-text fusion-text-5 fusion-text-no-margin\" style=\"--awb-content-alignment:left;--awb-font-size:12px;--awb-line-height:1.2;--awb-letter-spacing:0px;--awb-text-transform:var(--awb-typography5-text-transform);--awb-text-color:var(--awb-color7);--awb-margin-bottom:0px;--awb-margin-left:5px;--awb-text-font-family:&quot;Montserrat&quot;;--awb-text-font-style:normal;--awb-text-font-weight:400;\"><p>Publicado el 16 marzo, 2026<\/p>\n<\/div><\/div><\/li>\n<li class=\"fusion-layout-column fusion_builder_column fusion-builder-column-5 fusion-flex-column fusion-column-inner-bg-wrapper post-card fusion-grid-column fusion-post-cards-grid-column\" style=\"--awb-padding-top:25px;--awb-padding-right:25px;--awb-padding-bottom:5px;--awb-padding-left:25px;--awb-overflow:hidden;--awb-inner-bg-color:rgba(249,249,249,0);--awb-inner-bg-color-hover:rgba(249,249,249,0);--awb-inner-bg-size:cover;--awb-border-radius:15px 15px 15px 15px;--awb-inner-bg-border-radius:15px 15px 15px 15px;--awb-inner-bg-overflow:hidden;--awb-transform:scaleX(0.98) scaleY(0.98);--awb-transform-hover:scaleX(1.00) scaleY(1.00);--awb-flex-grow:0;--awb-flex-shrink:0;--awb-flex-grow-medium:0;--awb-flex-shrink-medium:0;--awb-flex-grow-small:0;--awb-flex-shrink-small:0;\"><span class=\"fusion-column-inner-bg hover-type-none\"><a class=\"fusion-column-anchor\" href=\"https:\/\/www.vinculacion.utalca.cl\/index.php\/2026\/02\/20\/campamento-fortalece-la-educacion-indagatoria-de-docentes-del-maule\/\" rel=\"noopener noreferrer\" target=\"_blank\"><span class=\"fusion-column-inner-bg-image\"><\/span><\/a><\/span><div class=\"fusion-column-wrapper fusion-flex-justify-content-flex-start fusion-content-layout-column\"><div class=\"fusion-builder-row fusion-builder-row-inner fusion-row fusion-flex-align-items-flex-start fusion-flex-content-wrap\" style=\"--awb-flex-grow:0;--awb-flex-grow-medium:0;--awb-flex-grow-small:0;--awb-flex-shrink:0;--awb-flex-shrink-medium:0;--awb-flex-shrink-small:0;width:104% !important;max-width:104% !important;margin-left: calc(-4% \/ 2 );margin-right: calc(-4% \/ 2 );\"><div class=\"fusion-layout-column fusion_builder_column_inner fusion-builder-nested-column-2 fusion_builder_column_inner_1_1 1_1 fusion-flex-column\" style=\"--awb-overflow:hidden;--awb-bg-size:cover;--awb-border-radius:10px 10px 10px 10px;--awb-width-large:100%;--awb-margin-top-large:0px;--awb-spacing-right-large:1.92%;--awb-margin-bottom-large:20px;--awb-spacing-left-large:1.92%;--awb-width-medium:100%;--awb-order-medium:0;--awb-spacing-right-medium:1.92%;--awb-spacing-left-medium:1.92%;--awb-width-small:100%;--awb-order-small:0;--awb-spacing-right-small:1.92%;--awb-spacing-left-small:1.92%;\"><div class=\"fusion-column-wrapper lazyload fusion-column-has-shadow fusion-flex-justify-content-flex-start fusion-content-layout-column fusion-column-has-bg-image\" data-bg-url=\"https:\/\/www.vinculacion.utalca.cl\/wp-content\/uploads\/2026\/03\/imagen_2026-03-04_090601172.png\" data-bg=\"https:\/\/www.vinculacion.utalca.cl\/wp-content\/uploads\/2026\/03\/imagen_2026-03-04_090601172.png\"><div class=\"fusion-separator fusion-full-width-sep\" style=\"align-self: center;margin-left: auto;margin-right: auto;flex-grow:10;margin-top:150px;width:100%;\"><\/div><\/div><\/div><\/div><div class=\"fusion-title title fusion-title-3 fusion-sep-none fusion-title-text fusion-title-size-four\" style=\"--awb-text-color:var(--awb-color7);--awb-margin-top:0px;--awb-margin-bottom:10px;--awb-margin-left:5px;--awb-margin-top-small:10px;--awb-margin-right-small:0px;--awb-margin-bottom-small:10px;--awb-margin-left-small:0px;--awb-font-size:17px;\"><h4 class=\"fusion-title-heading title-heading-left fusion-responsive-typography-calculated\" style=\"font-family:&quot;Montserrat&quot;;font-style:normal;font-weight:600;margin:0;text-transform:none;font-size:1em;--fontSize:17;--minFontSize:17;line-height:1.06;\">Campamento fortalece la educaci\u00f3n indagatoria de docentes del Maule<\/h4><\/div><div class=\"fusion-separator fusion-full-width-sep\" style=\"align-self: center;margin-left: auto;margin-right: auto;margin-bottom:10px;width:100%;\"><div class=\"fusion-separator-border sep-single\" style=\"--awb-height:20px;--awb-amount:20px;--awb-sep-color:var(--awb-color6);border-color:var(--awb-color6);border-top-width:1px;\"><\/div><\/div><div class=\"fusion-text fusion-text-6 fusion-text-no-margin\" style=\"--awb-content-alignment:left;--awb-font-size:12px;--awb-line-height:1.2;--awb-letter-spacing:0px;--awb-text-transform:var(--awb-typography5-text-transform);--awb-text-color:var(--awb-color7);--awb-margin-bottom:0px;--awb-margin-left:5px;--awb-text-font-family:&quot;Montserrat&quot;;--awb-text-font-style:normal;--awb-text-font-weight:400;\"><p>Publicado el 20 febrero, 2026<\/p>\n<\/div><\/div><\/li>\n<li class=\"fusion-layout-column fusion_builder_column fusion-builder-column-6 fusion-flex-column fusion-column-inner-bg-wrapper post-card fusion-grid-column fusion-post-cards-grid-column\" style=\"--awb-padding-top:25px;--awb-padding-right:25px;--awb-padding-bottom:5px;--awb-padding-left:25px;--awb-overflow:hidden;--awb-inner-bg-color:rgba(249,249,249,0);--awb-inner-bg-color-hover:rgba(249,249,249,0);--awb-inner-bg-size:cover;--awb-border-radius:15px 15px 15px 15px;--awb-inner-bg-border-radius:15px 15px 15px 15px;--awb-inner-bg-overflow:hidden;--awb-transform:scaleX(0.98) scaleY(0.98);--awb-transform-hover:scaleX(1.00) scaleY(1.00);--awb-flex-grow:0;--awb-flex-shrink:0;--awb-flex-grow-medium:0;--awb-flex-shrink-medium:0;--awb-flex-grow-small:0;--awb-flex-shrink-small:0;\"><span class=\"fusion-column-inner-bg hover-type-none\"><a class=\"fusion-column-anchor\" href=\"https:\/\/www.vinculacion.utalca.cl\/index.php\/2026\/02\/10\/profesores-exploran-el-juego-como-lenguaje-para-comunicar-ciencia\/\" rel=\"noopener noreferrer\" target=\"_blank\"><span class=\"fusion-column-inner-bg-image\"><\/span><\/a><\/span><div class=\"fusion-column-wrapper fusion-flex-justify-content-flex-start fusion-content-layout-column\"><div class=\"fusion-builder-row fusion-builder-row-inner fusion-row fusion-flex-align-items-flex-start fusion-flex-content-wrap\" style=\"--awb-flex-grow:0;--awb-flex-grow-medium:0;--awb-flex-grow-small:0;--awb-flex-shrink:0;--awb-flex-shrink-medium:0;--awb-flex-shrink-small:0;width:104% !important;max-width:104% !important;margin-left: calc(-4% \/ 2 );margin-right: calc(-4% \/ 2 );\"><div class=\"fusion-layout-column fusion_builder_column_inner fusion-builder-nested-column-3 fusion_builder_column_inner_1_1 1_1 fusion-flex-column\" style=\"--awb-overflow:hidden;--awb-bg-size:cover;--awb-border-radius:10px 10px 10px 10px;--awb-width-large:100%;--awb-margin-top-large:0px;--awb-spacing-right-large:1.92%;--awb-margin-bottom-large:20px;--awb-spacing-left-large:1.92%;--awb-width-medium:100%;--awb-order-medium:0;--awb-spacing-right-medium:1.92%;--awb-spacing-left-medium:1.92%;--awb-width-small:100%;--awb-order-small:0;--awb-spacing-right-small:1.92%;--awb-spacing-left-small:1.92%;\"><div class=\"fusion-column-wrapper lazyload fusion-column-has-shadow fusion-flex-justify-content-flex-start fusion-content-layout-column fusion-column-has-bg-image\" data-bg-url=\"https:\/\/www.vinculacion.utalca.cl\/wp-content\/uploads\/2026\/03\/imagen_2026-03-04_090143391.png\" data-bg=\"https:\/\/www.vinculacion.utalca.cl\/wp-content\/uploads\/2026\/03\/imagen_2026-03-04_090143391.png\"><div class=\"fusion-separator fusion-full-width-sep\" style=\"align-self: center;margin-left: auto;margin-right: auto;flex-grow:10;margin-top:150px;width:100%;\"><\/div><\/div><\/div><\/div><div class=\"fusion-title title fusion-title-4 fusion-sep-none fusion-title-text fusion-title-size-four\" style=\"--awb-text-color:var(--awb-color7);--awb-margin-top:0px;--awb-margin-bottom:10px;--awb-margin-left:5px;--awb-margin-top-small:10px;--awb-margin-right-small:0px;--awb-margin-bottom-small:10px;--awb-margin-left-small:0px;--awb-font-size:17px;\"><h4 class=\"fusion-title-heading title-heading-left fusion-responsive-typography-calculated\" style=\"font-family:&quot;Montserrat&quot;;font-style:normal;font-weight:600;margin:0;text-transform:none;font-size:1em;--fontSize:17;--minFontSize:17;line-height:1.06;\">Profesores exploran el juego como lenguaje para comunicar ciencia<\/h4><\/div><div class=\"fusion-separator fusion-full-width-sep\" style=\"align-self: center;margin-left: auto;margin-right: auto;margin-bottom:10px;width:100%;\"><div class=\"fusion-separator-border sep-single\" style=\"--awb-height:20px;--awb-amount:20px;--awb-sep-color:var(--awb-color6);border-color:var(--awb-color6);border-top-width:1px;\"><\/div><\/div><div class=\"fusion-text fusion-text-7 fusion-text-no-margin\" style=\"--awb-content-alignment:left;--awb-font-size:12px;--awb-line-height:1.2;--awb-letter-spacing:0px;--awb-text-transform:var(--awb-typography5-text-transform);--awb-text-color:var(--awb-color7);--awb-margin-bottom:0px;--awb-margin-left:5px;--awb-text-font-family:&quot;Montserrat&quot;;--awb-text-font-style:normal;--awb-text-font-weight:400;\"><p>Publicado el 10 febrero, 2026<\/p>\n<\/div><\/div><\/li>\n<\/ul><\/div><\/div><\/div><div class=\"fusion-layout-column fusion_builder_column fusion-builder-column-7 fusion_builder_column_1_1 1_1 fusion-flex-column\" style=\"--awb-bg-size:cover;--awb-width-large:100%;--awb-flex-grow:0;--awb-flex-shrink:0;--awb-margin-top-large:0px;--awb-spacing-right-large:1.92%;--awb-margin-bottom-large:0px;--awb-spacing-left-large:1.92%;--awb-width-medium:100%;--awb-order-medium:0;--awb-flex-grow-medium:0;--awb-flex-shrink-medium:0;--awb-spacing-right-medium:1.92%;--awb-spacing-left-medium:1.92%;--awb-width-small:100%;--awb-order-small:0;--awb-flex-grow-small:0;--awb-flex-shrink-small:0;--awb-spacing-right-small:1.92%;--awb-spacing-left-small:1.92%;\"><div class=\"fusion-column-wrapper lazyload fusion-column-has-shadow fusion-flex-justify-content-flex-start fusion-content-layout-column fusion-column-has-bg-image\" data-bg-url=\"https:\/\/www.vinculacion.utalca.cl\/wp-content\/uploads\/2025\/07\/fondo-redes-vcm-scaled.jpg\" data-bg=\"https:\/\/www.vinculacion.utalca.cl\/wp-content\/uploads\/2025\/07\/fondo-redes-vcm-scaled.jpg\"><div class=\"fusion-text fusion-text-8 fusion-text-no-margin\" style=\"--awb-margin-top:10px;--awb-margin-right:0px;--awb-margin-bottom:10px;--awb-margin-left:0px;\"><p style=\"font-size: 20px; font-family: Montserrat; font-weight: 500; text-align: center;\" data-fusion-font=\"true\" data-fusion-google-font=\"Montserrat\" data-fusion-google-variant=\"500\"><span style=\"font-family: Montserrat; font-weight: bold; color: #ffffff; font-size: 18px;\" data-fusion-font=\"true\" data-fusion-google-font=\"Montserrat\" data-fusion-google-variant=\"700\">Leer+<\/span><span style=\"color: #ffffff; font-size: 18px;\" data-fusion-font=\"true\"> Vinculaci\u00f3n<\/span><\/p>\n<\/div><\/div><\/div><\/div><\/div>\n","protected":false},"excerpt":{"rendered":"","protected":false},"author":11,"featured_media":16684,"comment_status":"open","ping_status":"open","sticky":false,"template":"","format":"standard","meta":{"footnotes":""},"categories":[118,59],"tags":[158],"class_list":["post-7241","post","type-post","status-publish","format-standard","has-post-thumbnail","hentry","category-todas","category-vinculacion","tag-leer"],"_links":{"self":[{"href":"https:\/\/www.vinculacion.utalca.cl\/index.php\/wp-json\/wp\/v2\/posts\/7241","targetHints":{"allow":["GET"]}}],"collection":[{"href":"https:\/\/www.vinculacion.utalca.cl\/index.php\/wp-json\/wp\/v2\/posts"}],"about":[{"href":"https:\/\/www.vinculacion.utalca.cl\/index.php\/wp-json\/wp\/v2\/types\/post"}],"author":[{"embeddable":true,"href":"https:\/\/www.vinculacion.utalca.cl\/index.php\/wp-json\/wp\/v2\/users\/11"}],"replies":[{"embeddable":true,"href":"https:\/\/www.vinculacion.utalca.cl\/index.php\/wp-json\/wp\/v2\/comments?post=7241"}],"version-history":[{"count":1,"href":"https:\/\/www.vinculacion.utalca.cl\/index.php\/wp-json\/wp\/v2\/posts\/7241\/revisions"}],"predecessor-version":[{"id":18642,"href":"https:\/\/www.vinculacion.utalca.cl\/index.php\/wp-json\/wp\/v2\/posts\/7241\/revisions\/18642"}],"wp:featuredmedia":[{"embeddable":true,"href":"https:\/\/www.vinculacion.utalca.cl\/index.php\/wp-json\/wp\/v2\/media\/16684"}],"wp:attachment":[{"href":"https:\/\/www.vinculacion.utalca.cl\/index.php\/wp-json\/wp\/v2\/media?parent=7241"}],"wp:term":[{"taxonomy":"category","embeddable":true,"href":"https:\/\/www.vinculacion.utalca.cl\/index.php\/wp-json\/wp\/v2\/categories?post=7241"},{"taxonomy":"post_tag","embeddable":true,"href":"https:\/\/www.vinculacion.utalca.cl\/index.php\/wp-json\/wp\/v2\/tags?post=7241"}],"curies":[{"name":"wp","href":"https:\/\/api.w.org\/{rel}","templated":true}]}}